{"id":4579,"date":"2024-05-21T11:20:42","date_gmt":"2024-05-21T09:20:42","guid":{"rendered":"https:\/\/iespadremoretirubide.educacion.navarra.es\/web1\/?p=4579"},"modified":"2024-05-31T11:25:13","modified_gmt":"2024-05-31T09:25:13","slug":"la-problematica-del-plastico","status":"publish","type":"post","link":"https:\/\/iespadremoretirubide.educacion.navarra.es\/web1\/blog\/2024\/05\/21\/la-problematica-del-plastico\/","title":{"rendered":"La problem\u00e1tica del pl\u00e1stico"},"content":{"rendered":"\n<p>Alumnado de 4\u00baA y E en la asignatura de atenci\u00f3n educativa durante este curso han trabajado el tema de la problem\u00e1tica de los pl\u00e1sticos y han llevado a cabo una serie de iniciativas:<\/p>\n\n\n\n<p>Realizaron unos cortometrajes con esta tem\u00e1tica, dise\u00f1aron y\u00a0 colocaron unos carteles\u00a0 para animar a reciclar en el instituto\u00a0que, literalmente, hicieron saltar todas la alarmas. prepararon una charla de concienciaci\u00f3n sobre el tema que llevaron a cabo en las clases de tutor\u00eda de 1\u00ba y 2\u00ba de\u00a0 ESO y que tuvo mucho \u00e9xito.\u00a0 Dicha actividad\u00a0 consisti\u00f3 en el visionado de los cortos para que sus compa\u00f1eros pudieran votar por el mejor y posteriormente jugaron un kahoot\u00a0que hab\u00edan preparado.<\/p>\n\n\n\n<p>A continuaci\u00f3n unas fotograf\u00edas<\/p>\n\n\n\n<figure class=\"wp-block-image size-large\"><img fetchpriority=\"high\" decoding=\"async\" width=\"1024\" height=\"740\" src=\"https:\/\/iespadremoretirubide.educacion.navarra.es\/web1\/wp-content\/uploads\/2024\/05\/Captura2-1-1024x740.jpg\" alt=\"\" class=\"wp-image-4585\" srcset=\"https:\/\/iespadremoretirubide.educacion.navarra.es\/web1\/wp-content\/uploads\/2024\/05\/Captura2-1-1024x740.jpg 1024w, https:\/\/iespadremoretirubide.educacion.navarra.es\/web1\/wp-content\/uploads\/2024\/05\/Captura2-1-300x217.jpg 300w, https:\/\/iespadremoretirubide.educacion.navarra.es\/web1\/wp-content\/uploads\/2024\/05\/Captura2-1-768x555.jpg 768w, https:\/\/iespadremoretirubide.educacion.navarra.es\/web1\/wp-content\/uploads\/2024\/05\/Captura2-1.jpg 1073w\" sizes=\"(max-width: 1024px) 100vw, 1024px\" \/><\/figure>\n\n\n\n<figure class=\"wp-block-gallery has-nested-images columns-default is-cropped wp-block-gallery-1 is-layout-flex wp-block-gallery-is-layout-flex\">\n<figure class=\"wp-block-image size-large\"><img decoding=\"async\" width=\"440\" height=\"637\" data-id=\"4582\" src=\"https:\/\/iespadremoretirubide.educacion.navarra.es\/web1\/wp-content\/uploads\/2024\/05\/Captura.jpg\" alt=\"\" class=\"wp-image-4582\" srcset=\"https:\/\/iespadremoretirubide.educacion.navarra.es\/web1\/wp-content\/uploads\/2024\/05\/Captura.jpg 440w, https:\/\/iespadremoretirubide.educacion.navarra.es\/web1\/wp-content\/uploads\/2024\/05\/Captura-207x300.jpg 207w\" sizes=\"(max-width: 440px) 100vw, 440px\" \/><\/figure>\n\n\n\n<figure class=\"wp-block-image size-large\"><img decoding=\"async\" width=\"453\" height=\"644\" data-id=\"4580\" src=\"https:\/\/iespadremoretirubide.educacion.navarra.es\/web1\/wp-content\/uploads\/2024\/05\/Captura3.jpg\" alt=\"\" class=\"wp-image-4580\" srcset=\"https:\/\/iespadremoretirubide.educacion.navarra.es\/web1\/wp-content\/uploads\/2024\/05\/Captura3.jpg 453w, https:\/\/iespadremoretirubide.educacion.navarra.es\/web1\/wp-content\/uploads\/2024\/05\/Captura3-211x300.jpg 211w\" sizes=\"(max-width: 453px) 100vw, 453px\" \/><\/figure>\n\n\n\n<figure class=\"wp-block-image size-large\"><img loading=\"lazy\" decoding=\"async\" width=\"321\" height=\"703\" data-id=\"4581\" src=\"https:\/\/iespadremoretirubide.educacion.navarra.es\/web1\/wp-content\/uploads\/2024\/05\/Captura6.jpg\" alt=\"\" class=\"wp-image-4581\" srcset=\"https:\/\/iespadremoretirubide.educacion.navarra.es\/web1\/wp-content\/uploads\/2024\/05\/Captura6.jpg 321w, https:\/\/iespadremoretirubide.educacion.navarra.es\/web1\/wp-content\/uploads\/2024\/05\/Captura6-137x300.jpg 137w\" sizes=\"(max-width: 321px) 100vw, 321px\" \/><\/figure>\n<\/figure>\n","protected":false},"excerpt":{"rendered":"<p>Alumnado de 4\u00baA y E en la asignatura de atenci\u00f3n educativa durante este curso han trabajado el tema de la problem\u00e1tica de los pl\u00e1sticos y han llevado a cabo una serie de iniciativas: Realizaron unos cortometrajes con esta tem\u00e1tica, dise\u00f1aron y\u00a0 colocaron unos carteles\u00a0 para animar a reciclar en el instituto\u00a0que, literalmente, hicieron saltar todas [&hellip;]<\/p>\n","protected":false},"author":1,"featured_media":4585,"comment_status":"closed","ping_status":"closed","sticky":false,"template":"","format":"standard","meta":{"_genesis_hide_title":false,"_genesis_hide_breadcrumbs":false,"_genesis_hide_singular_image":false,"_genesis_hide_footer_widgets":false,"_genesis_custom_body_class":"","_genesis_custom_post_class":"","_genesis_layout":"","footnotes":""},"categories":[1],"tags":[],"_links":{"self":[{"href":"https:\/\/iespadremoretirubide.educacion.navarra.es\/web1\/wp-json\/wp\/v2\/posts\/4579"}],"collection":[{"href":"https:\/\/iespadremoretirubide.educacion.navarra.es\/web1\/wp-json\/wp\/v2\/posts"}],"about":[{"href":"https:\/\/iespadremoretirubide.educacion.navarra.es\/web1\/wp-json\/wp\/v2\/types\/post"}],"author":[{"embeddable":true,"href":"https:\/\/iespadremoretirubide.educacion.navarra.es\/web1\/wp-json\/wp\/v2\/users\/1"}],"replies":[{"embeddable":true,"href":"https:\/\/iespadremoretirubide.educacion.navarra.es\/web1\/wp-json\/wp\/v2\/comments?post=4579"}],"version-history":[{"count":1,"href":"https:\/\/iespadremoretirubide.educacion.navarra.es\/web1\/wp-json\/wp\/v2\/posts\/4579\/revisions"}],"predecessor-version":[{"id":4586,"href":"https:\/\/iespadremoretirubide.educacion.navarra.es\/web1\/wp-json\/wp\/v2\/posts\/4579\/revisions\/4586"}],"wp:featuredmedia":[{"embeddable":true,"href":"https:\/\/iespadremoretirubide.educacion.navarra.es\/web1\/wp-json\/wp\/v2\/media\/4585"}],"wp:attachment":[{"href":"https:\/\/iespadremoretirubide.educacion.navarra.es\/web1\/wp-json\/wp\/v2\/media?parent=4579"}],"wp:term":[{"taxonomy":"category","embeddable":true,"href":"https:\/\/iespadremoretirubide.educacion.navarra.es\/web1\/wp-json\/wp\/v2\/categories?post=4579"},{"taxonomy":"post_tag","embeddable":true,"href":"https:\/\/iespadremoretirubide.educacion.navarra.es\/web1\/wp-json\/wp\/v2\/tags?post=4579"}],"curies":[{"name":"wp","href":"https:\/\/api.w.org\/{rel}","templated":true}]}}