{"id":5318,"date":"2025-03-21T09:37:15","date_gmt":"2025-03-21T08:37:15","guid":{"rendered":"https:\/\/iespadremoretirubide.educacion.navarra.es\/web1\/?p=5318"},"modified":"2025-03-21T09:37:16","modified_gmt":"2025-03-21T08:37:16","slug":"jornada-de-puertas-abiertas-irubide-os-espera","status":"publish","type":"post","link":"https:\/\/iespadremoretirubide.educacion.navarra.es\/web1\/blog\/2025\/03\/21\/jornada-de-puertas-abiertas-irubide-os-espera\/","title":{"rendered":"25M \u00abJornada de Puertas Abiertas\u00bb, Irubide os espera"},"content":{"rendered":"\n<p>El IES Padre Moret Irubide celebrar\u00e1 su Jornada Puertas Abiertas de 2025 el martes, 25 de marzo, a partir de las 17.30 horas en el Sal\u00f3n de Actos. <br>Se atender\u00e1 a vuestras preguntas, se hablar\u00e1 de nuestros proyectos, \u00a1os esperamos!<\/p>\n\n\n\n<p>No es necesaria inscripci\u00f3n previa. <\/p>\n\n\n\n<figure class=\"wp-block-image size-large\"><img fetchpriority=\"high\" decoding=\"async\" width=\"724\" height=\"1024\" src=\"https:\/\/iespadremoretirubide.educacion.navarra.es\/web1\/wp-content\/uploads\/2025\/03\/Imagen-de-WhatsApp-2025-03-10-a-las-18.41.09_961b38c5-724x1024.jpg\" alt=\"\" class=\"wp-image-5316\" srcset=\"https:\/\/iespadremoretirubide.educacion.navarra.es\/web1\/wp-content\/uploads\/2025\/03\/Imagen-de-WhatsApp-2025-03-10-a-las-18.41.09_961b38c5-724x1024.jpg 724w, https:\/\/iespadremoretirubide.educacion.navarra.es\/web1\/wp-content\/uploads\/2025\/03\/Imagen-de-WhatsApp-2025-03-10-a-las-18.41.09_961b38c5-212x300.jpg 212w, https:\/\/iespadremoretirubide.educacion.navarra.es\/web1\/wp-content\/uploads\/2025\/03\/Imagen-de-WhatsApp-2025-03-10-a-las-18.41.09_961b38c5-768x1086.jpg 768w, https:\/\/iespadremoretirubide.educacion.navarra.es\/web1\/wp-content\/uploads\/2025\/03\/Imagen-de-WhatsApp-2025-03-10-a-las-18.41.09_961b38c5-1086x1536.jpg 1086w, https:\/\/iespadremoretirubide.educacion.navarra.es\/web1\/wp-content\/uploads\/2025\/03\/Imagen-de-WhatsApp-2025-03-10-a-las-18.41.09_961b38c5.jpg 1131w\" sizes=\"(max-width: 724px) 100vw, 724px\" \/><\/figure>\n","protected":false},"excerpt":{"rendered":"<p>El IES Padre Moret Irubide celebrar\u00e1 su Jornada Puertas Abiertas de 2025 el martes, 25 de marzo, a partir de las 17.30 horas en el Sal\u00f3n de Actos. Se atender\u00e1 a vuestras preguntas, se hablar\u00e1 de nuestros proyectos, \u00a1os esperamos! No es necesaria inscripci\u00f3n previa.<\/p>\n","protected":false},"author":1,"featured_media":5316,"comment_status":"closed","ping_status":"closed","sticky":false,"template":"","format":"standard","meta":{"_genesis_hide_title":false,"_genesis_hide_breadcrumbs":false,"_genesis_hide_singular_image":false,"_genesis_hide_footer_widgets":false,"_genesis_custom_body_class":"","_genesis_custom_post_class":"","_genesis_layout":"","footnotes":""},"categories":[1],"tags":[],"_links":{"self":[{"href":"https:\/\/iespadremoretirubide.educacion.navarra.es\/web1\/wp-json\/wp\/v2\/posts\/5318"}],"collection":[{"href":"https:\/\/iespadremoretirubide.educacion.navarra.es\/web1\/wp-json\/wp\/v2\/posts"}],"about":[{"href":"https:\/\/iespadremoretirubide.educacion.navarra.es\/web1\/wp-json\/wp\/v2\/types\/post"}],"author":[{"embeddable":true,"href":"https:\/\/iespadremoretirubide.educacion.navarra.es\/web1\/wp-json\/wp\/v2\/users\/1"}],"replies":[{"embeddable":true,"href":"https:\/\/iespadremoretirubide.educacion.navarra.es\/web1\/wp-json\/wp\/v2\/comments?post=5318"}],"version-history":[{"count":3,"href":"https:\/\/iespadremoretirubide.educacion.navarra.es\/web1\/wp-json\/wp\/v2\/posts\/5318\/revisions"}],"predecessor-version":[{"id":5322,"href":"https:\/\/iespadremoretirubide.educacion.navarra.es\/web1\/wp-json\/wp\/v2\/posts\/5318\/revisions\/5322"}],"wp:featuredmedia":[{"embeddable":true,"href":"https:\/\/iespadremoretirubide.educacion.navarra.es\/web1\/wp-json\/wp\/v2\/media\/5316"}],"wp:attachment":[{"href":"https:\/\/iespadremoretirubide.educacion.navarra.es\/web1\/wp-json\/wp\/v2\/media?parent=5318"}],"wp:term":[{"taxonomy":"category","embeddable":true,"href":"https:\/\/iespadremoretirubide.educacion.navarra.es\/web1\/wp-json\/wp\/v2\/categories?post=5318"},{"taxonomy":"post_tag","embeddable":true,"href":"https:\/\/iespadremoretirubide.educacion.navarra.es\/web1\/wp-json\/wp\/v2\/tags?post=5318"}],"curies":[{"name":"wp","href":"https:\/\/api.w.org\/{rel}","templated":true}]}}