{"id":5324,"date":"2025-03-13T09:35:41","date_gmt":"2025-03-13T08:35:41","guid":{"rendered":"https:\/\/iespadremoretirubide.educacion.navarra.es\/web1\/?p=5324"},"modified":"2025-03-13T11:25:05","modified_gmt":"2025-03-13T10:25:05","slug":"atendiendo-al-talento-segunda-posicion-en-el-1er-premio-nacional-de-innovacion-y-excelencia-educativa","status":"publish","type":"post","link":"https:\/\/iespadremoretirubide.educacion.navarra.es\/web1\/blog\/2025\/03\/13\/atendiendo-al-talento-segunda-posicion-en-el-1er-premio-nacional-de-innovacion-y-excelencia-educativa\/","title":{"rendered":"\u00abAtendiendo al Talento\u00bb: segunda posici\u00f3n en el 1er Premio nacional de Innovaci\u00f3n y Excelencia educativa"},"content":{"rendered":"\n<p>El proyecto insignia del IES Padre Moret Irubide, \u00abAtendiendo al Talento\u00bb, ha obtenido en Teruel, en el marco de la entrega del \u201cPremio Nacional a la innovaci\u00f3n y excelencia educativa para proyectos de personalizaci\u00f3n del aprendizaje\u201d C\u00e1tedra Caja Rural de Teruel para el desarrollo del talento y personalizaci\u00f3n del aprendizaje de la Universidad de Zaragoza,  la <strong>Segunda Posici\u00f3n <\/strong>en la modalidad de Educaci\u00f3n Secundaria, FP y Bachillerato convocados por la C\u00e1tedra Caja Rural de Teruel. <\/p>\n\n\n\n<p>\u201cPremio Nacional a la innovaci\u00f3n y excelencia educativa para proyectos de personalizaci\u00f3n del aprendizaje\u201d C\u00e1tedra Caja Rural de Teruel para el desarrollo del talento y personalizaci\u00f3n del aprendizaje de la Universidad de Zaragoza.<\/p>\n\n\n\n<p>La convocatoria, que premia a los proyectos sobre Personalizaci\u00f3n del Aprendizaje, ha tenido como objetivo principal reconocer y difundir el trabajo de docentes y centros educativos comprometidos con la excelcna y la innovaci\u00f3n educativa. <\/p>\n\n\n\n<p>Fue recogido en Teruel por la responsable del Proyecto, Rut Bosque, que acudi\u00f3 en representaci\u00f3n del IES Padre Moret Irubide. <\/p>\n\n\n\n<figure class=\"wp-block-gallery has-nested-images columns-default is-cropped wp-block-gallery-1 is-layout-flex wp-block-gallery-is-layout-flex\">\n<figure class=\"wp-block-image size-large\"><img fetchpriority=\"high\" decoding=\"async\" width=\"768\" height=\"1024\" data-id=\"5328\" src=\"https:\/\/iespadremoretirubide.educacion.navarra.es\/web1\/wp-content\/uploads\/2025\/03\/4fadc7f6-521e-4527-b801-3f588b1b4e41-768x1024.jpg\" alt=\"\" class=\"wp-image-5328\" srcset=\"https:\/\/iespadremoretirubide.educacion.navarra.es\/web1\/wp-content\/uploads\/2025\/03\/4fadc7f6-521e-4527-b801-3f588b1b4e41-768x1024.jpg 768w, https:\/\/iespadremoretirubide.educacion.navarra.es\/web1\/wp-content\/uploads\/2025\/03\/4fadc7f6-521e-4527-b801-3f588b1b4e41-225x300.jpg 225w, https:\/\/iespadremoretirubide.educacion.navarra.es\/web1\/wp-content\/uploads\/2025\/03\/4fadc7f6-521e-4527-b801-3f588b1b4e41-1152x1536.jpg 1152w, https:\/\/iespadremoretirubide.educacion.navarra.es\/web1\/wp-content\/uploads\/2025\/03\/4fadc7f6-521e-4527-b801-3f588b1b4e41.jpg 1200w\" sizes=\"(max-width: 768px) 100vw, 768px\" \/><\/figure>\n\n\n\n<figure class=\"wp-block-image size-large\"><img decoding=\"async\" width=\"768\" height=\"1024\" data-id=\"5325\" src=\"https:\/\/iespadremoretirubide.educacion.navarra.es\/web1\/wp-content\/uploads\/2025\/03\/7c1fa85a-8e2b-4c84-8184-29b86791b007-768x1024.jpg\" alt=\"\" class=\"wp-image-5325\" srcset=\"https:\/\/iespadremoretirubide.educacion.navarra.es\/web1\/wp-content\/uploads\/2025\/03\/7c1fa85a-8e2b-4c84-8184-29b86791b007-768x1024.jpg 768w, https:\/\/iespadremoretirubide.educacion.navarra.es\/web1\/wp-content\/uploads\/2025\/03\/7c1fa85a-8e2b-4c84-8184-29b86791b007-225x300.jpg 225w, https:\/\/iespadremoretirubide.educacion.navarra.es\/web1\/wp-content\/uploads\/2025\/03\/7c1fa85a-8e2b-4c84-8184-29b86791b007-1152x1536.jpg 1152w, https:\/\/iespadremoretirubide.educacion.navarra.es\/web1\/wp-content\/uploads\/2025\/03\/7c1fa85a-8e2b-4c84-8184-29b86791b007.jpg 1200w\" sizes=\"(max-width: 768px) 100vw, 768px\" \/><\/figure>\n<\/figure>\n\n\n\n<p>La profesora Rut Bosque, que recibi\u00f3 Diploma y estatuilla conmemorativa, recalc\u00f3 en su presentaci\u00f3n la implicaci\u00f3n del profesorado tanto del programa como del Centro, la apuesta decidida por la personalizaci\u00f3n del aprendizaje en el \u00e1mbito del alumnado identificado con alta capacidad, y el trabajo de equipo con metodolog\u00edas activas y esp\u00edritu innovador. <\/p>\n\n\n\n<p>Este es el segundo premio nacional recibido por el proyecto \u00abAtendiendo al Talento\u00bb en su trayectoria tras el recibido en 2022 de manos de la fundaci\u00f3n \u00abEl mundo del superdotado\u00bb que recogi\u00f3 en Madrid. Se puede consultar el detalle de nuestro programa <a href=\"https:\/\/sites.google.com\/educacion.navarra.es\/proyecto-innovacion-aacc\/p%C3%A1gina-principal\" data-type=\"link\" data-id=\"https:\/\/sites.google.com\/educacion.navarra.es\/proyecto-innovacion-aacc\/p%C3%A1gina-principal\">en la web del proyecto.<\/a><\/p>\n\n\n\n<figure class=\"wp-block-gallery has-nested-images columns-default is-cropped wp-block-gallery-2 is-layout-flex wp-block-gallery-is-layout-flex\">\n<figure class=\"wp-block-image size-large\"><img decoding=\"async\" width=\"1024\" height=\"768\" data-id=\"5326\" src=\"https:\/\/iespadremoretirubide.educacion.navarra.es\/web1\/wp-content\/uploads\/2025\/03\/75b39477-41a3-4a8f-a3eb-aa82f2d360a8-1024x768.jpg\" alt=\"\" class=\"wp-image-5326\" srcset=\"https:\/\/iespadremoretirubide.educacion.navarra.es\/web1\/wp-content\/uploads\/2025\/03\/75b39477-41a3-4a8f-a3eb-aa82f2d360a8-1024x768.jpg 1024w, https:\/\/iespadremoretirubide.educacion.navarra.es\/web1\/wp-content\/uploads\/2025\/03\/75b39477-41a3-4a8f-a3eb-aa82f2d360a8-300x225.jpg 300w, https:\/\/iespadremoretirubide.educacion.navarra.es\/web1\/wp-content\/uploads\/2025\/03\/75b39477-41a3-4a8f-a3eb-aa82f2d360a8-768x576.jpg 768w, https:\/\/iespadremoretirubide.educacion.navarra.es\/web1\/wp-content\/uploads\/2025\/03\/75b39477-41a3-4a8f-a3eb-aa82f2d360a8-1536x1152.jpg 1536w, https:\/\/iespadremoretirubide.educacion.navarra.es\/web1\/wp-content\/uploads\/2025\/03\/75b39477-41a3-4a8f-a3eb-aa82f2d360a8-702x526.jpg 702w, https:\/\/iespadremoretirubide.educacion.navarra.es\/web1\/wp-content\/uploads\/2025\/03\/75b39477-41a3-4a8f-a3eb-aa82f2d360a8.jpg 1600w\" sizes=\"(max-width: 1024px) 100vw, 1024px\" \/><\/figure>\n\n\n\n<figure class=\"wp-block-image size-large\"><img loading=\"lazy\" decoding=\"async\" width=\"1024\" height=\"768\" data-id=\"5327\" src=\"https:\/\/iespadremoretirubide.educacion.navarra.es\/web1\/wp-content\/uploads\/2025\/03\/96117d05-1f6b-4290-aa94-6048b5e27ee7-1024x768.jpg\" alt=\"\" class=\"wp-image-5327\" srcset=\"https:\/\/iespadremoretirubide.educacion.navarra.es\/web1\/wp-content\/uploads\/2025\/03\/96117d05-1f6b-4290-aa94-6048b5e27ee7-1024x768.jpg 1024w, https:\/\/iespadremoretirubide.educacion.navarra.es\/web1\/wp-content\/uploads\/2025\/03\/96117d05-1f6b-4290-aa94-6048b5e27ee7-300x225.jpg 300w, https:\/\/iespadremoretirubide.educacion.navarra.es\/web1\/wp-content\/uploads\/2025\/03\/96117d05-1f6b-4290-aa94-6048b5e27ee7-768x576.jpg 768w, https:\/\/iespadremoretirubide.educacion.navarra.es\/web1\/wp-content\/uploads\/2025\/03\/96117d05-1f6b-4290-aa94-6048b5e27ee7-1536x1152.jpg 1536w, https:\/\/iespadremoretirubide.educacion.navarra.es\/web1\/wp-content\/uploads\/2025\/03\/96117d05-1f6b-4290-aa94-6048b5e27ee7-702x526.jpg 702w, https:\/\/iespadremoretirubide.educacion.navarra.es\/web1\/wp-content\/uploads\/2025\/03\/96117d05-1f6b-4290-aa94-6048b5e27ee7.jpg 1600w\" sizes=\"(max-width: 1024px) 100vw, 1024px\" \/><\/figure>\n<\/figure>\n\n\n\n<figure class=\"wp-block-image size-large\"><img loading=\"lazy\" decoding=\"async\" width=\"1024\" height=\"768\" src=\"https:\/\/iespadremoretirubide.educacion.navarra.es\/web1\/wp-content\/uploads\/2025\/03\/f06aef3e-212d-45d1-9f44-a03b4de1b900-1024x768.jpg\" alt=\"\" class=\"wp-image-5329\" srcset=\"https:\/\/iespadremoretirubide.educacion.navarra.es\/web1\/wp-content\/uploads\/2025\/03\/f06aef3e-212d-45d1-9f44-a03b4de1b900-1024x768.jpg 1024w, https:\/\/iespadremoretirubide.educacion.navarra.es\/web1\/wp-content\/uploads\/2025\/03\/f06aef3e-212d-45d1-9f44-a03b4de1b900-300x225.jpg 300w, https:\/\/iespadremoretirubide.educacion.navarra.es\/web1\/wp-content\/uploads\/2025\/03\/f06aef3e-212d-45d1-9f44-a03b4de1b900-768x576.jpg 768w, https:\/\/iespadremoretirubide.educacion.navarra.es\/web1\/wp-content\/uploads\/2025\/03\/f06aef3e-212d-45d1-9f44-a03b4de1b900-1536x1152.jpg 1536w, https:\/\/iespadremoretirubide.educacion.navarra.es\/web1\/wp-content\/uploads\/2025\/03\/f06aef3e-212d-45d1-9f44-a03b4de1b900-702x526.jpg 702w, https:\/\/iespadremoretirubide.educacion.navarra.es\/web1\/wp-content\/uploads\/2025\/03\/f06aef3e-212d-45d1-9f44-a03b4de1b900.jpg 2048w\" sizes=\"(max-width: 1024px) 100vw, 1024px\" \/><\/figure>\n\n\n\n<p>Enlaces relacionados:<\/p>\n\n\n\n<p><a href=\"https:\/\/iespadremoretirubide.educacion.navarra.es\/web1\/blog\/2025\/01\/20\/radio-nacional-de-espana-se-interesa-por-el-proyecto-atendiendo-al-talento\/\" data-type=\"link\" data-id=\"https:\/\/iespadremoretirubide.educacion.navarra.es\/web1\/blog\/2025\/01\/20\/radio-nacional-de-espana-se-interesa-por-el-proyecto-atendiendo-al-talento\/\">Radio Nacional de Espa\u00f1a se interesa por el proyecto<\/a> \u00abAtendiendo al Talento\u00bb.<\/p>\n\n\n\n<p><a href=\"https:\/\/iespadremoretirubide.educacion.navarra.es\/web1\/blog\/2024\/03\/24\/hitos-del-programa-atendiendo-al-talento-enriquecimiento-curricular-cansat-y-proyeccion-internacional\/\" data-type=\"link\" data-id=\"https:\/\/iespadremoretirubide.educacion.navarra.es\/web1\/blog\/2024\/03\/24\/hitos-del-programa-atendiendo-al-talento-enriquecimiento-curricular-cansat-y-proyeccion-internacional\/\">RACOBEU: participaci\u00f3n en Erasmus + a trav\u00e9s de la UPNA,<\/a> hitos internacionales de \u00abAtendiendo al Talento\u00bb<\/p>\n\n\n\n<p><a href=\"https:\/\/www.diariodenavarra.es\/noticias\/navarra\/tudela-ribera\/2023\/11\/09\/iii-jornadas-altas-capacidades-tudela-588589-1007.html\" target=\"_blank\" rel=\"noreferrer noopener\">Noticia en el Diario de Navarra<\/a> participaci\u00f3n en las Jornadas de Alta Capacidad.<\/p>\n\n\n\n<p><a href=\"https:\/\/www.unavarra.es\/sites\/actualidad\/contents\/noticias\/2023\/11\/07\/noticia.html\" target=\"_blank\" rel=\"noreferrer noopener\">Nota de prensa de la Universidad P\u00fablica de Navarra<\/a>, Jornadas Alta Capacidad. <\/p>\n\n\n\n<p><a href=\"https:\/\/www.tudelahoy.com\/event\/tudela-iii-jornadas-educativas-navarra-inclusion-desarrollo-talento\" target=\"_blank\" rel=\"noreferrer noopener\">Prensa online: informaci\u00f3n de&nbsp;\u00abTudela Hoy\u00bb<\/a> Jornadas Alta Capacidad. <\/p>\n\n\n\n<p><a href=\"https:\/\/anac-navarra.com\/producto\/iii-jornadas-inclusion-anac\/\" target=\"_blank\" rel=\"noreferrer noopener\">Informaci\u00f3n p\u00e1gina web ANAC<\/a><\/p>\n\n\n\n<p><a href=\"https:\/\/www.noticiasdenavarra.com\/sociedad\/2022\/10\/28\/ies-irubide-premio-estatal-proyecto-6171313.html\" target=\"_blank\" rel=\"noreferrer noopener\">Noticia Diario de Noticias de Navarra, premio estatal proyecto Altas Capacidades<\/a><\/p>\n\n\n\n<p><a href=\"https:\/\/sites.google.com\/educacion.navarra.es\/proyecto-innovacion-aacc\/p%C3%A1gina-principal\" target=\"_blank\" rel=\"noreferrer noopener\">P\u00e1gina web del proyecto \u00abAtendiendo al Talento\u00bb<\/a><\/p>\n\n\n\n<p><a href=\"https:\/\/exitoeducativo.net\/premios-a-la-excelencia-educativa-para-superdotados-y-altas-capacidades-2022\/\" target=\"_blank\" rel=\"noreferrer noopener\">Premios a la excelencia educativa 2022<\/a>, Fundaci\u00f3n El Mundo del Superdotado.<\/p>\n","protected":false},"excerpt":{"rendered":"<p>El proyecto insignia del IES Padre Moret Irubide, \u00abAtendiendo al Talento\u00bb, ha obtenido en Teruel, en el marco de la entrega del \u201cPremio Nacional a la innovaci\u00f3n y excelencia educativa para proyectos de personalizaci\u00f3n del aprendizaje\u201d C\u00e1tedra Caja Rural de Teruel para el desarrollo del talento y personalizaci\u00f3n del aprendizaje de la Universidad de Zaragoza, [&hellip;]<\/p>\n","protected":false},"author":1,"featured_media":5328,"comment_status":"closed","ping_status":"closed","sticky":false,"template":"","format":"standard","meta":{"_genesis_hide_title":false,"_genesis_hide_breadcrumbs":false,"_genesis_hide_singular_image":false,"_genesis_hide_footer_widgets":false,"_genesis_custom_body_class":"","_genesis_custom_post_class":"","_genesis_layout":"","footnotes":""},"categories":[1],"tags":[],"_links":{"self":[{"href":"https:\/\/iespadremoretirubide.educacion.navarra.es\/web1\/wp-json\/wp\/v2\/posts\/5324"}],"collection":[{"href":"https:\/\/iespadremoretirubide.educacion.navarra.es\/web1\/wp-json\/wp\/v2\/posts"}],"about":[{"href":"https:\/\/iespadremoretirubide.educacion.navarra.es\/web1\/wp-json\/wp\/v2\/types\/post"}],"author":[{"embeddable":true,"href":"https:\/\/iespadremoretirubide.educacion.navarra.es\/web1\/wp-json\/wp\/v2\/users\/1"}],"replies":[{"embeddable":true,"href":"https:\/\/iespadremoretirubide.educacion.navarra.es\/web1\/wp-json\/wp\/v2\/comments?post=5324"}],"version-history":[{"count":3,"href":"https:\/\/iespadremoretirubide.educacion.navarra.es\/web1\/wp-json\/wp\/v2\/posts\/5324\/revisions"}],"predecessor-version":[{"id":5333,"href":"https:\/\/iespadremoretirubide.educacion.navarra.es\/web1\/wp-json\/wp\/v2\/posts\/5324\/revisions\/5333"}],"wp:featuredmedia":[{"embeddable":true,"href":"https:\/\/iespadremoretirubide.educacion.navarra.es\/web1\/wp-json\/wp\/v2\/media\/5328"}],"wp:attachment":[{"href":"https:\/\/iespadremoretirubide.educacion.navarra.es\/web1\/wp-json\/wp\/v2\/media?parent=5324"}],"wp:term":[{"taxonomy":"category","embeddable":true,"href":"https:\/\/iespadremoretirubide.educacion.navarra.es\/web1\/wp-json\/wp\/v2\/categories?post=5324"},{"taxonomy":"post_tag","embeddable":true,"href":"https:\/\/iespadremoretirubide.educacion.navarra.es\/web1\/wp-json\/wp\/v2\/tags?post=5324"}],"curies":[{"name":"wp","href":"https:\/\/api.w.org\/{rel}","templated":true}]}}