{"id":5334,"date":"2025-03-14T10:53:47","date_gmt":"2025-03-14T09:53:47","guid":{"rendered":"https:\/\/iespadremoretirubide.educacion.navarra.es\/web1\/?p=5334"},"modified":"2025-03-14T10:55:06","modified_gmt":"2025-03-14T09:55:06","slug":"estudiantes-de-bachillerato-del-ies-padre-moret-irubide-asisten-al-pleno-del-parlamento-para-elaborar-una-cronica-palamentaria-y-conocer-el-atrabajo-de-comunicacion-que-se-realiza-desde-la-institucion","status":"publish","type":"post","link":"https:\/\/iespadremoretirubide.educacion.navarra.es\/web1\/blog\/2025\/03\/14\/estudiantes-de-bachillerato-del-ies-padre-moret-irubide-asisten-al-pleno-del-parlamento-para-elaborar-una-cronica-palamentaria-y-conocer-el-atrabajo-de-comunicacion-que-se-realiza-desde-la-institucion\/","title":{"rendered":"Estudiantes de Bachillerato del IES Padre Moret Irubide asisten al Pleno del Parlamento para elaborar una cr\u00f3nica y conocer el trabajo de comunicaci\u00f3n que se realiza desde la Instituci\u00f3n"},"content":{"rendered":"\n<p>A continuaci\u00f3n, se dirige a la noticia publicada por el Parlamento de Navarra.<\/p>\n\n\n\n<p>Un grupo de estudiantes de 1\u00ba de Bachillerato del IES Padre Moret-Irubide ha asistido hoy a la primera parte de la sesi\u00f3n plenaria, con el fin de elaborar una pr\u00e1ctica de comunicaci\u00f3n parlamentaria, en el marco de la asignatura \u2018Oratoria y debate\u2019.<\/p>\n\n\n\n<p><a href=\"https:\/\/parlamentodenavarra.es\/es\/noticias\/estudiantes-de-bachillerato-del-ies-padre-moret-irubide-asisten-al-pleno-para-elaborar-una\">https:\/\/parlamentodenavarra.es\/es\/noticias\/estudiantes-de-bachillerato-del-ies-padre-moret-irubide-asisten-al-pleno-para-elaborar-una<\/a><\/p>\n\n\n\n<figure class=\"wp-block-image size-full\"><img fetchpriority=\"high\" decoding=\"async\" width=\"746\" height=\"723\" src=\"https:\/\/iespadremoretirubide.educacion.navarra.es\/web1\/wp-content\/uploads\/2025\/03\/9faa6db8-8097-4674-b9b1-f77910afb764.jpg\" alt=\"\" class=\"wp-image-5335\" srcset=\"https:\/\/iespadremoretirubide.educacion.navarra.es\/web1\/wp-content\/uploads\/2025\/03\/9faa6db8-8097-4674-b9b1-f77910afb764.jpg 746w, https:\/\/iespadremoretirubide.educacion.navarra.es\/web1\/wp-content\/uploads\/2025\/03\/9faa6db8-8097-4674-b9b1-f77910afb764-300x291.jpg 300w\" sizes=\"(max-width: 746px) 100vw, 746px\" \/><\/figure>\n\n\n\n<figure class=\"wp-block-image size-full\"><img decoding=\"async\" width=\"900\" height=\"600\" src=\"https:\/\/iespadremoretirubide.educacion.navarra.es\/web1\/wp-content\/uploads\/2025\/03\/13-13-3-25.jpg\" alt=\"\" class=\"wp-image-5336\" srcset=\"https:\/\/iespadremoretirubide.educacion.navarra.es\/web1\/wp-content\/uploads\/2025\/03\/13-13-3-25.jpg 900w, https:\/\/iespadremoretirubide.educacion.navarra.es\/web1\/wp-content\/uploads\/2025\/03\/13-13-3-25-300x200.jpg 300w, https:\/\/iespadremoretirubide.educacion.navarra.es\/web1\/wp-content\/uploads\/2025\/03\/13-13-3-25-768x512.jpg 768w\" sizes=\"(max-width: 900px) 100vw, 900px\" \/><\/figure>\n","protected":false},"excerpt":{"rendered":"<p>A continuaci\u00f3n, se dirige a la noticia publicada por el Parlamento de Navarra. Un grupo de estudiantes de 1\u00ba de Bachillerato del IES Padre Moret-Irubide ha asistido hoy a la primera parte de la sesi\u00f3n plenaria, con el fin de elaborar una pr\u00e1ctica de comunicaci\u00f3n parlamentaria, en el marco de la asignatura \u2018Oratoria y debate\u2019. [&hellip;]<\/p>\n","protected":false},"author":1,"featured_media":5336,"comment_status":"closed","ping_status":"closed","sticky":false,"template":"","format":"standard","meta":{"_genesis_hide_title":false,"_genesis_hide_breadcrumbs":false,"_genesis_hide_singular_image":false,"_genesis_hide_footer_widgets":false,"_genesis_custom_body_class":"","_genesis_custom_post_class":"","_genesis_layout":"","footnotes":""},"categories":[1],"tags":[],"_links":{"self":[{"href":"https:\/\/iespadremoretirubide.educacion.navarra.es\/web1\/wp-json\/wp\/v2\/posts\/5334"}],"collection":[{"href":"https:\/\/iespadremoretirubide.educacion.navarra.es\/web1\/wp-json\/wp\/v2\/posts"}],"about":[{"href":"https:\/\/iespadremoretirubide.educacion.navarra.es\/web1\/wp-json\/wp\/v2\/types\/post"}],"author":[{"embeddable":true,"href":"https:\/\/iespadremoretirubide.educacion.navarra.es\/web1\/wp-json\/wp\/v2\/users\/1"}],"replies":[{"embeddable":true,"href":"https:\/\/iespadremoretirubide.educacion.navarra.es\/web1\/wp-json\/wp\/v2\/comments?post=5334"}],"version-history":[{"count":2,"href":"https:\/\/iespadremoretirubide.educacion.navarra.es\/web1\/wp-json\/wp\/v2\/posts\/5334\/revisions"}],"predecessor-version":[{"id":5339,"href":"https:\/\/iespadremoretirubide.educacion.navarra.es\/web1\/wp-json\/wp\/v2\/posts\/5334\/revisions\/5339"}],"wp:featuredmedia":[{"embeddable":true,"href":"https:\/\/iespadremoretirubide.educacion.navarra.es\/web1\/wp-json\/wp\/v2\/media\/5336"}],"wp:attachment":[{"href":"https:\/\/iespadremoretirubide.educacion.navarra.es\/web1\/wp-json\/wp\/v2\/media?parent=5334"}],"wp:term":[{"taxonomy":"category","embeddable":true,"href":"https:\/\/iespadremoretirubide.educacion.navarra.es\/web1\/wp-json\/wp\/v2\/categories?post=5334"},{"taxonomy":"post_tag","embeddable":true,"href":"https:\/\/iespadremoretirubide.educacion.navarra.es\/web1\/wp-json\/wp\/v2\/tags?post=5334"}],"curies":[{"name":"wp","href":"https:\/\/api.w.org\/{rel}","templated":true}]}}