{"id":5373,"date":"2025-03-21T08:28:53","date_gmt":"2025-03-21T07:28:53","guid":{"rendered":"https:\/\/iespadremoretirubide.educacion.navarra.es\/web1\/?p=5373"},"modified":"2025-03-21T09:25:23","modified_gmt":"2025-03-21T08:25:23","slug":"sortie-biarritz-1o-eso","status":"publish","type":"post","link":"https:\/\/iespadremoretirubide.educacion.navarra.es\/web1\/blog\/2025\/03\/21\/sortie-biarritz-1o-eso\/","title":{"rendered":"Sortie Biarritz, 1\u00ba ESO"},"content":{"rendered":"\n<p>Ce mardi 25 f\u00e9vrier, les \u00e9l\u00e8ves de fran\u00e7ais de 1 eso ont pass\u00e9 la journ\u00e9e \u00e0 Biarritz.<\/p>\n\n\n\n<p>Tout d&#8217;abord, ils ont pu visiter l&#8217;aquarium , ses phoques et ses nombreux poissons exotiques.<\/p>\n\n\n\n<p>Puis, ils se sont promen\u00e9s dans Biarritz, o\u00f9 ils ont pu prendre quelques photos du casino, du grand h\u00f4tel et de la plage .<\/p>\n\n\n\n<p>Enfin, ils ont \u00e9t\u00e9 manger au chaud dans un centre commercial.<\/p>\n\n\n\n<p>Un premier contact avec la France, bien r\u00e9ussi.<\/p>\n\n\n\n<figure class=\"wp-block-image size-large\"><img fetchpriority=\"high\" decoding=\"async\" width=\"1024\" height=\"601\" src=\"https:\/\/iespadremoretirubide.educacion.navarra.es\/web1\/wp-content\/uploads\/2025\/03\/PHOTO-2025-02-25-17-47-23-1024x601.jpg\" alt=\"\" class=\"wp-image-5374\" srcset=\"https:\/\/iespadremoretirubide.educacion.navarra.es\/web1\/wp-content\/uploads\/2025\/03\/PHOTO-2025-02-25-17-47-23-1024x601.jpg 1024w, https:\/\/iespadremoretirubide.educacion.navarra.es\/web1\/wp-content\/uploads\/2025\/03\/PHOTO-2025-02-25-17-47-23-300x176.jpg 300w, https:\/\/iespadremoretirubide.educacion.navarra.es\/web1\/wp-content\/uploads\/2025\/03\/PHOTO-2025-02-25-17-47-23-768x451.jpg 768w, https:\/\/iespadremoretirubide.educacion.navarra.es\/web1\/wp-content\/uploads\/2025\/03\/PHOTO-2025-02-25-17-47-23-1536x901.jpg 1536w, https:\/\/iespadremoretirubide.educacion.navarra.es\/web1\/wp-content\/uploads\/2025\/03\/PHOTO-2025-02-25-17-47-23.jpg 1600w\" sizes=\"(max-width: 1024px) 100vw, 1024px\" \/><\/figure>\n\n\n\n<p>Este martes 25 de febrero, el alumnado de franc\u00e9s de 1 eso ha pasado el d\u00eda en Biarritz.<\/p>\n\n\n\n<p>Primero, han visitado el acuario, visto sus focas, y sus numerosos peces ex\u00f3ticos.<\/p>\n\n\n\n<p>Luego, han paseado en la ciudad, donde sacaron fotos del casino y el gran hotel, como de la playa<\/p>\n\n\n\n<p>Y para acabar, fueron a comer, calentitos, en un centro comercial<\/p>\n\n\n\n<p>Un primer contacto\u00a0 exitoso con Francia.<\/p>\n\n\n\n<figure class=\"wp-block-gallery has-nested-images columns-default is-cropped wp-block-gallery-1 is-layout-flex wp-block-gallery-is-layout-flex\">\n<figure class=\"wp-block-image size-large\"><img decoding=\"async\" width=\"539\" height=\"648\" data-id=\"5379\" src=\"https:\/\/iespadremoretirubide.educacion.navarra.es\/web1\/wp-content\/uploads\/2025\/03\/image-2.png\" alt=\"\" class=\"wp-image-5379\" srcset=\"https:\/\/iespadremoretirubide.educacion.navarra.es\/web1\/wp-content\/uploads\/2025\/03\/image-2.png 539w, https:\/\/iespadremoretirubide.educacion.navarra.es\/web1\/wp-content\/uploads\/2025\/03\/image-2-250x300.png 250w\" sizes=\"(max-width: 539px) 100vw, 539px\" \/><\/figure>\n\n\n\n<figure class=\"wp-block-image size-large\"><img decoding=\"async\" width=\"993\" height=\"741\" data-id=\"5377\" src=\"https:\/\/iespadremoretirubide.educacion.navarra.es\/web1\/wp-content\/uploads\/2025\/03\/image-1.png\" alt=\"\" class=\"wp-image-5377\" srcset=\"https:\/\/iespadremoretirubide.educacion.navarra.es\/web1\/wp-content\/uploads\/2025\/03\/image-1.png 993w, https:\/\/iespadremoretirubide.educacion.navarra.es\/web1\/wp-content\/uploads\/2025\/03\/image-1-300x224.png 300w, https:\/\/iespadremoretirubide.educacion.navarra.es\/web1\/wp-content\/uploads\/2025\/03\/image-1-768x573.png 768w\" sizes=\"(max-width: 993px) 100vw, 993px\" \/><\/figure>\n\n\n\n<figure class=\"wp-block-image size-large\"><img loading=\"lazy\" decoding=\"async\" width=\"532\" height=\"738\" data-id=\"5376\" src=\"https:\/\/iespadremoretirubide.educacion.navarra.es\/web1\/wp-content\/uploads\/2025\/03\/image.png\" alt=\"\" class=\"wp-image-5376\" srcset=\"https:\/\/iespadremoretirubide.educacion.navarra.es\/web1\/wp-content\/uploads\/2025\/03\/image.png 532w, https:\/\/iespadremoretirubide.educacion.navarra.es\/web1\/wp-content\/uploads\/2025\/03\/image-216x300.png 216w\" sizes=\"(max-width: 532px) 100vw, 532px\" \/><\/figure>\n<\/figure>\n","protected":false},"excerpt":{"rendered":"<p>Ce mardi 25 f\u00e9vrier, les \u00e9l\u00e8ves de fran\u00e7ais de 1 eso ont pass\u00e9 la journ\u00e9e \u00e0 Biarritz. Tout d&#8217;abord, ils ont pu visiter l&#8217;aquarium , ses phoques et ses nombreux poissons exotiques. Puis, ils se sont promen\u00e9s dans Biarritz, o\u00f9 ils ont pu prendre quelques photos du casino, du grand h\u00f4tel et de la plage [&hellip;]<\/p>\n","protected":false},"author":1,"featured_media":5374,"comment_status":"closed","ping_status":"closed","sticky":false,"template":"","format":"standard","meta":{"_genesis_hide_title":false,"_genesis_hide_breadcrumbs":false,"_genesis_hide_singular_image":false,"_genesis_hide_footer_widgets":false,"_genesis_custom_body_class":"","_genesis_custom_post_class":"","_genesis_layout":"","footnotes":""},"categories":[1],"tags":[],"_links":{"self":[{"href":"https:\/\/iespadremoretirubide.educacion.navarra.es\/web1\/wp-json\/wp\/v2\/posts\/5373"}],"collection":[{"href":"https:\/\/iespadremoretirubide.educacion.navarra.es\/web1\/wp-json\/wp\/v2\/posts"}],"about":[{"href":"https:\/\/iespadremoretirubide.educacion.navarra.es\/web1\/wp-json\/wp\/v2\/types\/post"}],"author":[{"embeddable":true,"href":"https:\/\/iespadremoretirubide.educacion.navarra.es\/web1\/wp-json\/wp\/v2\/users\/1"}],"replies":[{"embeddable":true,"href":"https:\/\/iespadremoretirubide.educacion.navarra.es\/web1\/wp-json\/wp\/v2\/comments?post=5373"}],"version-history":[{"count":2,"href":"https:\/\/iespadremoretirubide.educacion.navarra.es\/web1\/wp-json\/wp\/v2\/posts\/5373\/revisions"}],"predecessor-version":[{"id":5380,"href":"https:\/\/iespadremoretirubide.educacion.navarra.es\/web1\/wp-json\/wp\/v2\/posts\/5373\/revisions\/5380"}],"wp:featuredmedia":[{"embeddable":true,"href":"https:\/\/iespadremoretirubide.educacion.navarra.es\/web1\/wp-json\/wp\/v2\/media\/5374"}],"wp:attachment":[{"href":"https:\/\/iespadremoretirubide.educacion.navarra.es\/web1\/wp-json\/wp\/v2\/media?parent=5373"}],"wp:term":[{"taxonomy":"category","embeddable":true,"href":"https:\/\/iespadremoretirubide.educacion.navarra.es\/web1\/wp-json\/wp\/v2\/categories?post=5373"},{"taxonomy":"post_tag","embeddable":true,"href":"https:\/\/iespadremoretirubide.educacion.navarra.es\/web1\/wp-json\/wp\/v2\/tags?post=5373"}],"curies":[{"name":"wp","href":"https:\/\/api.w.org\/{rel}","templated":true}]}}