{"id":5392,"date":"2025-03-24T08:56:55","date_gmt":"2025-03-24T07:56:55","guid":{"rendered":"https:\/\/iespadremoretirubide.educacion.navarra.es\/web1\/?p=5392"},"modified":"2025-03-24T08:56:56","modified_gmt":"2025-03-24T07:56:56","slug":"erasmus-24-25-movilidad-de-alumnado-y-profesorado","status":"publish","type":"post","link":"https:\/\/iespadremoretirubide.educacion.navarra.es\/web1\/blog\/2025\/03\/24\/erasmus-24-25-movilidad-de-alumnado-y-profesorado\/","title":{"rendered":"Erasmus 24-25: movilidad de alumnado y profesorado"},"content":{"rendered":"\n<figure class=\"wp-block-image size-full\"><img decoding=\"async\" width=\"320\" height=\"67\" src=\"https:\/\/iespadremoretirubide.educacion.navarra.es\/web1\/wp-content\/uploads\/2024\/03\/es_cofinanciado_por_la_union_europea_pos.png\" alt=\"\" class=\"wp-image-4401\" srcset=\"https:\/\/iespadremoretirubide.educacion.navarra.es\/web1\/wp-content\/uploads\/2024\/03\/es_cofinanciado_por_la_union_europea_pos.png 320w, https:\/\/iespadremoretirubide.educacion.navarra.es\/web1\/wp-content\/uploads\/2024\/03\/es_cofinanciado_por_la_union_europea_pos-300x63.png 300w\" sizes=\"(max-width: 320px) 100vw, 320px\" \/><\/figure>\n\n\n\n<p>En diciembre Irubide acogi\u00f3 alumnado de tres pa\u00edses y profesorado de cinco pa\u00edses, y este encuentro empieza a dar sus frutos con la movilidad de nuestros alumnos y alumnas y profesorado en diversas acciones de corta y larga duraci\u00f3n. <\/p>\n\n\n\n<p>Entre ellas, destaca la estancia en Italia durante un periodo de un mes de dos alumnas y un alumno de Irubide, en San Severo y la estancia de cuatro profesoras para una formaci\u00f3n en sostenibilidad en Grecia. <\/p>\n\n\n\n<figure class=\"wp-block-image size-large\"><img fetchpriority=\"high\" decoding=\"async\" width=\"1024\" height=\"768\" src=\"https:\/\/iespadremoretirubide.educacion.navarra.es\/web1\/wp-content\/uploads\/2025\/03\/0b21e40e-d3e3-4a84-ac69-9732f5ecbf41-1024x768.jpg\" alt=\"\" class=\"wp-image-5394\" srcset=\"https:\/\/iespadremoretirubide.educacion.navarra.es\/web1\/wp-content\/uploads\/2025\/03\/0b21e40e-d3e3-4a84-ac69-9732f5ecbf41-1024x768.jpg 1024w, https:\/\/iespadremoretirubide.educacion.navarra.es\/web1\/wp-content\/uploads\/2025\/03\/0b21e40e-d3e3-4a84-ac69-9732f5ecbf41-300x225.jpg 300w, https:\/\/iespadremoretirubide.educacion.navarra.es\/web1\/wp-content\/uploads\/2025\/03\/0b21e40e-d3e3-4a84-ac69-9732f5ecbf41-768x576.jpg 768w, https:\/\/iespadremoretirubide.educacion.navarra.es\/web1\/wp-content\/uploads\/2025\/03\/0b21e40e-d3e3-4a84-ac69-9732f5ecbf41-1536x1152.jpg 1536w, https:\/\/iespadremoretirubide.educacion.navarra.es\/web1\/wp-content\/uploads\/2025\/03\/0b21e40e-d3e3-4a84-ac69-9732f5ecbf41-702x526.jpg 702w, https:\/\/iespadremoretirubide.educacion.navarra.es\/web1\/wp-content\/uploads\/2025\/03\/0b21e40e-d3e3-4a84-ac69-9732f5ecbf41.jpg 1600w\" sizes=\"(max-width: 1024px) 100vw, 1024px\" \/><\/figure>\n\n\n\n<figure class=\"wp-block-gallery has-nested-images columns-default is-cropped wp-block-gallery-1 is-layout-flex wp-block-gallery-is-layout-flex\">\n<figure class=\"wp-block-image size-large\"><img decoding=\"async\" width=\"768\" height=\"1024\" data-id=\"5398\" src=\"https:\/\/iespadremoretirubide.educacion.navarra.es\/web1\/wp-content\/uploads\/2025\/03\/28a18cfe-b17c-4e1a-8704-29e401fbe3c9-1-768x1024.jpg\" alt=\"\" class=\"wp-image-5398\" srcset=\"https:\/\/iespadremoretirubide.educacion.navarra.es\/web1\/wp-content\/uploads\/2025\/03\/28a18cfe-b17c-4e1a-8704-29e401fbe3c9-1-768x1024.jpg 768w, https:\/\/iespadremoretirubide.educacion.navarra.es\/web1\/wp-content\/uploads\/2025\/03\/28a18cfe-b17c-4e1a-8704-29e401fbe3c9-1-225x300.jpg 225w, https:\/\/iespadremoretirubide.educacion.navarra.es\/web1\/wp-content\/uploads\/2025\/03\/28a18cfe-b17c-4e1a-8704-29e401fbe3c9-1-1152x1536.jpg 1152w, https:\/\/iespadremoretirubide.educacion.navarra.es\/web1\/wp-content\/uploads\/2025\/03\/28a18cfe-b17c-4e1a-8704-29e401fbe3c9-1.jpg 1200w\" sizes=\"(max-width: 768px) 100vw, 768px\" \/><\/figure>\n\n\n\n<figure class=\"wp-block-image size-large\"><img loading=\"lazy\" decoding=\"async\" width=\"1024\" height=\"768\" data-id=\"5399\" src=\"https:\/\/iespadremoretirubide.educacion.navarra.es\/web1\/wp-content\/uploads\/2025\/03\/fdb05beb-6e23-4f4f-8bca-de8bea691ce6-1024x768.jpg\" alt=\"\" class=\"wp-image-5399\" srcset=\"https:\/\/iespadremoretirubide.educacion.navarra.es\/web1\/wp-content\/uploads\/2025\/03\/fdb05beb-6e23-4f4f-8bca-de8bea691ce6-1024x768.jpg 1024w, https:\/\/iespadremoretirubide.educacion.navarra.es\/web1\/wp-content\/uploads\/2025\/03\/fdb05beb-6e23-4f4f-8bca-de8bea691ce6-300x225.jpg 300w, https:\/\/iespadremoretirubide.educacion.navarra.es\/web1\/wp-content\/uploads\/2025\/03\/fdb05beb-6e23-4f4f-8bca-de8bea691ce6-768x576.jpg 768w, https:\/\/iespadremoretirubide.educacion.navarra.es\/web1\/wp-content\/uploads\/2025\/03\/fdb05beb-6e23-4f4f-8bca-de8bea691ce6-1536x1152.jpg 1536w, https:\/\/iespadremoretirubide.educacion.navarra.es\/web1\/wp-content\/uploads\/2025\/03\/fdb05beb-6e23-4f4f-8bca-de8bea691ce6-702x526.jpg 702w, https:\/\/iespadremoretirubide.educacion.navarra.es\/web1\/wp-content\/uploads\/2025\/03\/fdb05beb-6e23-4f4f-8bca-de8bea691ce6.jpg 1600w\" sizes=\"(max-width: 1024px) 100vw, 1024px\" \/><\/figure>\n<\/figure>\n\n\n\n<figure class=\"wp-block-image size-large\"><img loading=\"lazy\" decoding=\"async\" width=\"1024\" height=\"768\" src=\"https:\/\/iespadremoretirubide.educacion.navarra.es\/web1\/wp-content\/uploads\/2025\/03\/bbdbea97-7907-4998-96c4-e561c1e731b2-1-1024x768.jpg\" alt=\"\" class=\"wp-image-5395\" srcset=\"https:\/\/iespadremoretirubide.educacion.navarra.es\/web1\/wp-content\/uploads\/2025\/03\/bbdbea97-7907-4998-96c4-e561c1e731b2-1-1024x768.jpg 1024w, https:\/\/iespadremoretirubide.educacion.navarra.es\/web1\/wp-content\/uploads\/2025\/03\/bbdbea97-7907-4998-96c4-e561c1e731b2-1-300x225.jpg 300w, https:\/\/iespadremoretirubide.educacion.navarra.es\/web1\/wp-content\/uploads\/2025\/03\/bbdbea97-7907-4998-96c4-e561c1e731b2-1-768x576.jpg 768w, https:\/\/iespadremoretirubide.educacion.navarra.es\/web1\/wp-content\/uploads\/2025\/03\/bbdbea97-7907-4998-96c4-e561c1e731b2-1-1536x1152.jpg 1536w, https:\/\/iespadremoretirubide.educacion.navarra.es\/web1\/wp-content\/uploads\/2025\/03\/bbdbea97-7907-4998-96c4-e561c1e731b2-1-702x526.jpg 702w, https:\/\/iespadremoretirubide.educacion.navarra.es\/web1\/wp-content\/uploads\/2025\/03\/bbdbea97-7907-4998-96c4-e561c1e731b2-1.jpg 1600w\" sizes=\"(max-width: 1024px) 100vw, 1024px\" \/><\/figure>\n","protected":false},"excerpt":{"rendered":"<p>En diciembre Irubide acogi\u00f3 alumnado de tres pa\u00edses y profesorado de cinco pa\u00edses, y este encuentro empieza a dar sus frutos con la movilidad de nuestros alumnos y alumnas y profesorado en diversas acciones de corta y larga duraci\u00f3n. Entre ellas, destaca la estancia en Italia durante un periodo de un mes de dos alumnas [&hellip;]<\/p>\n","protected":false},"author":1,"featured_media":5396,"comment_status":"closed","ping_status":"closed","sticky":false,"template":"","format":"standard","meta":{"_genesis_hide_title":false,"_genesis_hide_breadcrumbs":false,"_genesis_hide_singular_image":false,"_genesis_hide_footer_widgets":false,"_genesis_custom_body_class":"","_genesis_custom_post_class":"","_genesis_layout":"","footnotes":""},"categories":[1],"tags":[],"_links":{"self":[{"href":"https:\/\/iespadremoretirubide.educacion.navarra.es\/web1\/wp-json\/wp\/v2\/posts\/5392"}],"collection":[{"href":"https:\/\/iespadremoretirubide.educacion.navarra.es\/web1\/wp-json\/wp\/v2\/posts"}],"about":[{"href":"https:\/\/iespadremoretirubide.educacion.navarra.es\/web1\/wp-json\/wp\/v2\/types\/post"}],"author":[{"embeddable":true,"href":"https:\/\/iespadremoretirubide.educacion.navarra.es\/web1\/wp-json\/wp\/v2\/users\/1"}],"replies":[{"embeddable":true,"href":"https:\/\/iespadremoretirubide.educacion.navarra.es\/web1\/wp-json\/wp\/v2\/comments?post=5392"}],"version-history":[{"count":1,"href":"https:\/\/iespadremoretirubide.educacion.navarra.es\/web1\/wp-json\/wp\/v2\/posts\/5392\/revisions"}],"predecessor-version":[{"id":5400,"href":"https:\/\/iespadremoretirubide.educacion.navarra.es\/web1\/wp-json\/wp\/v2\/posts\/5392\/revisions\/5400"}],"wp:featuredmedia":[{"embeddable":true,"href":"https:\/\/iespadremoretirubide.educacion.navarra.es\/web1\/wp-json\/wp\/v2\/media\/5396"}],"wp:attachment":[{"href":"https:\/\/iespadremoretirubide.educacion.navarra.es\/web1\/wp-json\/wp\/v2\/media?parent=5392"}],"wp:term":[{"taxonomy":"category","embeddable":true,"href":"https:\/\/iespadremoretirubide.educacion.navarra.es\/web1\/wp-json\/wp\/v2\/categories?post=5392"},{"taxonomy":"post_tag","embeddable":true,"href":"https:\/\/iespadremoretirubide.educacion.navarra.es\/web1\/wp-json\/wp\/v2\/tags?post=5392"}],"curies":[{"name":"wp","href":"https:\/\/api.w.org\/{rel}","templated":true}]}}