{"id":5423,"date":"2025-03-25T11:16:58","date_gmt":"2025-03-25T10:16:58","guid":{"rendered":"https:\/\/iespadremoretirubide.educacion.navarra.es\/web1\/?p=5423"},"modified":"2025-03-25T11:16:58","modified_gmt":"2025-03-25T10:16:58","slug":"aprendemos-literatura-rapeando-rapoesia-2025","status":"publish","type":"post","link":"https:\/\/iespadremoretirubide.educacion.navarra.es\/web1\/blog\/2025\/03\/25\/aprendemos-literatura-rapeando-rapoesia-2025\/","title":{"rendered":"Aprendemos literatura rapeando: RaPoes\u00eda 2025"},"content":{"rendered":"\n<p>El alumnado de 2\u00ba C y 2\u00baE particip\u00f3 de forma activa en la gala final del<br>proyecto #rapoes\u00eda que se celebr\u00f3 el pasado viernes 21 de marzo en el<br>CPEIP Mendialdea, en Berriozar.<\/p>\n\n\n\n<figure class=\"wp-block-image size-large\"><img fetchpriority=\"high\" decoding=\"async\" width=\"1024\" height=\"768\" src=\"https:\/\/iespadremoretirubide.educacion.navarra.es\/web1\/wp-content\/uploads\/2025\/03\/9879dc81-fb5e-4417-82a3-7d25d6b87790-1024x768.jpg\" alt=\"\" class=\"wp-image-5425\" srcset=\"https:\/\/iespadremoretirubide.educacion.navarra.es\/web1\/wp-content\/uploads\/2025\/03\/9879dc81-fb5e-4417-82a3-7d25d6b87790-1024x768.jpg 1024w, https:\/\/iespadremoretirubide.educacion.navarra.es\/web1\/wp-content\/uploads\/2025\/03\/9879dc81-fb5e-4417-82a3-7d25d6b87790-300x225.jpg 300w, https:\/\/iespadremoretirubide.educacion.navarra.es\/web1\/wp-content\/uploads\/2025\/03\/9879dc81-fb5e-4417-82a3-7d25d6b87790-768x576.jpg 768w, https:\/\/iespadremoretirubide.educacion.navarra.es\/web1\/wp-content\/uploads\/2025\/03\/9879dc81-fb5e-4417-82a3-7d25d6b87790-1536x1152.jpg 1536w, https:\/\/iespadremoretirubide.educacion.navarra.es\/web1\/wp-content\/uploads\/2025\/03\/9879dc81-fb5e-4417-82a3-7d25d6b87790-702x526.jpg 702w, https:\/\/iespadremoretirubide.educacion.navarra.es\/web1\/wp-content\/uploads\/2025\/03\/9879dc81-fb5e-4417-82a3-7d25d6b87790.jpg 2000w\" sizes=\"(max-width: 1024px) 100vw, 1024px\" \/><\/figure>\n\n\n\n<p>As\u00ed, adem\u00e1s de presentar un bloque de los que compon\u00edan el evento, fueron<br>las protagonistas de una de las actuaciones de baile. Demostraron con ello,<br>una vez m\u00e1s, la actitud proactiva y positiva que han tenido ante esta<br>propuesta.<\/p>\n\n\n\n<figure class=\"wp-block-gallery has-nested-images columns-default is-cropped wp-block-gallery-1 is-layout-flex wp-block-gallery-is-layout-flex\">\n<figure class=\"wp-block-image size-large\"><img decoding=\"async\" width=\"1024\" height=\"768\" data-id=\"5426\" src=\"https:\/\/iespadremoretirubide.educacion.navarra.es\/web1\/wp-content\/uploads\/2025\/03\/05e00924-dde5-4e0a-b511-2143cad174da-1024x768.jpg\" alt=\"\" class=\"wp-image-5426\" srcset=\"https:\/\/iespadremoretirubide.educacion.navarra.es\/web1\/wp-content\/uploads\/2025\/03\/05e00924-dde5-4e0a-b511-2143cad174da-1024x768.jpg 1024w, https:\/\/iespadremoretirubide.educacion.navarra.es\/web1\/wp-content\/uploads\/2025\/03\/05e00924-dde5-4e0a-b511-2143cad174da-300x225.jpg 300w, https:\/\/iespadremoretirubide.educacion.navarra.es\/web1\/wp-content\/uploads\/2025\/03\/05e00924-dde5-4e0a-b511-2143cad174da-768x576.jpg 768w, https:\/\/iespadremoretirubide.educacion.navarra.es\/web1\/wp-content\/uploads\/2025\/03\/05e00924-dde5-4e0a-b511-2143cad174da-1536x1152.jpg 1536w, https:\/\/iespadremoretirubide.educacion.navarra.es\/web1\/wp-content\/uploads\/2025\/03\/05e00924-dde5-4e0a-b511-2143cad174da-702x526.jpg 702w, https:\/\/iespadremoretirubide.educacion.navarra.es\/web1\/wp-content\/uploads\/2025\/03\/05e00924-dde5-4e0a-b511-2143cad174da.jpg 2000w\" sizes=\"(max-width: 1024px) 100vw, 1024px\" \/><\/figure>\n\n\n\n<figure class=\"wp-block-image size-large\"><img decoding=\"async\" width=\"369\" height=\"523\" data-id=\"5427\" src=\"https:\/\/iespadremoretirubide.educacion.navarra.es\/web1\/wp-content\/uploads\/2025\/03\/Captura-de-pantalla-2025-03-25-110335.png\" alt=\"\" class=\"wp-image-5427\" srcset=\"https:\/\/iespadremoretirubide.educacion.navarra.es\/web1\/wp-content\/uploads\/2025\/03\/Captura-de-pantalla-2025-03-25-110335.png 369w, https:\/\/iespadremoretirubide.educacion.navarra.es\/web1\/wp-content\/uploads\/2025\/03\/Captura-de-pantalla-2025-03-25-110335-212x300.png 212w\" sizes=\"(max-width: 369px) 100vw, 369px\" \/><\/figure>\n<\/figure>\n\n\n\n<p>A lo largo de tres meses, han trabajado de forma pr\u00e1ctica con profesionales<br>del rap, en concreto, con Mario VI y Eskarnia, en un proceso creativo<br>colectivo para crear un #rap y un videoclip de cada clase.<\/p>\n\n\n\n<figure class=\"wp-block-image size-large\"><img loading=\"lazy\" decoding=\"async\" width=\"1024\" height=\"768\" src=\"https:\/\/iespadremoretirubide.educacion.navarra.es\/web1\/wp-content\/uploads\/2025\/02\/Imagen-de-WhatsApp-2025-02-04-a-las-14.57.28_82014be7-1024x768.jpg\" alt=\"\" class=\"wp-image-5213\" srcset=\"https:\/\/iespadremoretirubide.educacion.navarra.es\/web1\/wp-content\/uploads\/2025\/02\/Imagen-de-WhatsApp-2025-02-04-a-las-14.57.28_82014be7-1024x768.jpg 1024w, https:\/\/iespadremoretirubide.educacion.navarra.es\/web1\/wp-content\/uploads\/2025\/02\/Imagen-de-WhatsApp-2025-02-04-a-las-14.57.28_82014be7-300x225.jpg 300w, https:\/\/iespadremoretirubide.educacion.navarra.es\/web1\/wp-content\/uploads\/2025\/02\/Imagen-de-WhatsApp-2025-02-04-a-las-14.57.28_82014be7-768x576.jpg 768w, https:\/\/iespadremoretirubide.educacion.navarra.es\/web1\/wp-content\/uploads\/2025\/02\/Imagen-de-WhatsApp-2025-02-04-a-las-14.57.28_82014be7-1536x1152.jpg 1536w, https:\/\/iespadremoretirubide.educacion.navarra.es\/web1\/wp-content\/uploads\/2025\/02\/Imagen-de-WhatsApp-2025-02-04-a-las-14.57.28_82014be7-702x526.jpg 702w, https:\/\/iespadremoretirubide.educacion.navarra.es\/web1\/wp-content\/uploads\/2025\/02\/Imagen-de-WhatsApp-2025-02-04-a-las-14.57.28_82014be7.jpg 1600w\" sizes=\"(max-width: 1024px) 100vw, 1024px\" \/><\/figure>\n\n\n\n<p><br>Casi 600 j\u00f3venes se reunieron en el sal\u00f3n de actos de Mendialdea para<br>celebrar el D\u00eda Mundial de la #Poes\u00eda y dar as\u00ed un final especial a este<br>proyecto educativo que lleva ya siete a\u00f1os llevando el rap a las aulas como<br>una forma de trabajar la literatura desde un enfoque novedoso. Una<br>comunidad de aprendizaje que a\u00fana la educaci\u00f3n formal e informal y que<br>crece a\u00f1o tras a\u00f1o.<\/p>\n\n\n\n<figure class=\"wp-block-image size-full\"><img loading=\"lazy\" decoding=\"async\" width=\"921\" height=\"285\" src=\"https:\/\/iespadremoretirubide.educacion.navarra.es\/web1\/wp-content\/uploads\/2025\/03\/image-3.png\" alt=\"\" class=\"wp-image-5428\" srcset=\"https:\/\/iespadremoretirubide.educacion.navarra.es\/web1\/wp-content\/uploads\/2025\/03\/image-3.png 921w, https:\/\/iespadremoretirubide.educacion.navarra.es\/web1\/wp-content\/uploads\/2025\/03\/image-3-300x93.png 300w, https:\/\/iespadremoretirubide.educacion.navarra.es\/web1\/wp-content\/uploads\/2025\/03\/image-3-768x238.png 768w\" sizes=\"(max-width: 921px) 100vw, 921px\" \/><\/figure>\n","protected":false},"excerpt":{"rendered":"<p>El alumnado de 2\u00ba C y 2\u00baE particip\u00f3 de forma activa en la gala final delproyecto #rapoes\u00eda que se celebr\u00f3 el pasado viernes 21 de marzo en elCPEIP Mendialdea, en Berriozar. As\u00ed, adem\u00e1s de presentar un bloque de los que compon\u00edan el evento, fueronlas protagonistas de una de las actuaciones de baile. Demostraron con ello,una [&hellip;]<\/p>\n","protected":false},"author":1,"featured_media":5425,"comment_status":"closed","ping_status":"closed","sticky":false,"template":"","format":"standard","meta":{"_genesis_hide_title":false,"_genesis_hide_breadcrumbs":false,"_genesis_hide_singular_image":false,"_genesis_hide_footer_widgets":false,"_genesis_custom_body_class":"","_genesis_custom_post_class":"","_genesis_layout":"","footnotes":""},"categories":[1],"tags":[],"_links":{"self":[{"href":"https:\/\/iespadremoretirubide.educacion.navarra.es\/web1\/wp-json\/wp\/v2\/posts\/5423"}],"collection":[{"href":"https:\/\/iespadremoretirubide.educacion.navarra.es\/web1\/wp-json\/wp\/v2\/posts"}],"about":[{"href":"https:\/\/iespadremoretirubide.educacion.navarra.es\/web1\/wp-json\/wp\/v2\/types\/post"}],"author":[{"embeddable":true,"href":"https:\/\/iespadremoretirubide.educacion.navarra.es\/web1\/wp-json\/wp\/v2\/users\/1"}],"replies":[{"embeddable":true,"href":"https:\/\/iespadremoretirubide.educacion.navarra.es\/web1\/wp-json\/wp\/v2\/comments?post=5423"}],"version-history":[{"count":1,"href":"https:\/\/iespadremoretirubide.educacion.navarra.es\/web1\/wp-json\/wp\/v2\/posts\/5423\/revisions"}],"predecessor-version":[{"id":5429,"href":"https:\/\/iespadremoretirubide.educacion.navarra.es\/web1\/wp-json\/wp\/v2\/posts\/5423\/revisions\/5429"}],"wp:featuredmedia":[{"embeddable":true,"href":"https:\/\/iespadremoretirubide.educacion.navarra.es\/web1\/wp-json\/wp\/v2\/media\/5425"}],"wp:attachment":[{"href":"https:\/\/iespadremoretirubide.educacion.navarra.es\/web1\/wp-json\/wp\/v2\/media?parent=5423"}],"wp:term":[{"taxonomy":"category","embeddable":true,"href":"https:\/\/iespadremoretirubide.educacion.navarra.es\/web1\/wp-json\/wp\/v2\/categories?post=5423"},{"taxonomy":"post_tag","embeddable":true,"href":"https:\/\/iespadremoretirubide.educacion.navarra.es\/web1\/wp-json\/wp\/v2\/tags?post=5423"}],"curies":[{"name":"wp","href":"https:\/\/api.w.org\/{rel}","templated":true}]}}