{"id":5453,"date":"2025-04-02T10:25:39","date_gmt":"2025-04-02T08:25:39","guid":{"rendered":"https:\/\/iespadremoretirubide.educacion.navarra.es\/web1\/?p=5453"},"modified":"2025-04-02T10:25:39","modified_gmt":"2025-04-02T08:25:39","slug":"3oeso-une-tres-belle-journee-sur-la-cote-basque","status":"publish","type":"post","link":"https:\/\/iespadremoretirubide.educacion.navarra.es\/web1\/blog\/2025\/04\/02\/3oeso-une-tres-belle-journee-sur-la-cote-basque\/","title":{"rendered":"3\u00baESO: Une tr\u00e8s belle journ\u00e9e sur la c\u00f4te basque"},"content":{"rendered":"\n<p>Mardi 1 Avril, les \u00e9l\u00e8ves de tercero ont pass\u00e9 la journ\u00e9e sur Biarritz et Bayonne.<\/p>\n\n\n\n<p>Tout d&#8217;abord, ils ont visit\u00e9 la \u00abcit\u00e9 de l&#8217;oc\u00e9an\u00bb, o\u00f9 ils ont ador\u00e9 l&#8217;activit\u00e9 de la t\u00eate en bas, puis comme la m\u00e9t\u00e9o le permettait, ils se sont promen\u00e9s sur la plage.<\/p>\n\n\n\n<p>L&#8217;apr\u00e8s-midi, ils ont \u00e9t\u00e9 \u00e0 Bayonne, o\u00f9 ils ont eu du temps libre pour visiter la vieille ville, sa cath\u00e9drale, ses halles, son jardin botanique&#8230;<\/p>\n\n\n\n<p>Vraiment un super moment!<\/p>\n\n\n\n<figure class=\"wp-block-image size-large\"><img fetchpriority=\"high\" decoding=\"async\" width=\"1024\" height=\"768\" src=\"https:\/\/iespadremoretirubide.educacion.navarra.es\/web1\/wp-content\/uploads\/2025\/04\/PHOTO-2025-04-01-16-04-02-1024x768.jpg\" alt=\"\" class=\"wp-image-5454\" srcset=\"https:\/\/iespadremoretirubide.educacion.navarra.es\/web1\/wp-content\/uploads\/2025\/04\/PHOTO-2025-04-01-16-04-02-1024x768.jpg 1024w, https:\/\/iespadremoretirubide.educacion.navarra.es\/web1\/wp-content\/uploads\/2025\/04\/PHOTO-2025-04-01-16-04-02-300x225.jpg 300w, https:\/\/iespadremoretirubide.educacion.navarra.es\/web1\/wp-content\/uploads\/2025\/04\/PHOTO-2025-04-01-16-04-02-768x576.jpg 768w, https:\/\/iespadremoretirubide.educacion.navarra.es\/web1\/wp-content\/uploads\/2025\/04\/PHOTO-2025-04-01-16-04-02-1536x1152.jpg 1536w, https:\/\/iespadremoretirubide.educacion.navarra.es\/web1\/wp-content\/uploads\/2025\/04\/PHOTO-2025-04-01-16-04-02-702x526.jpg 702w, https:\/\/iespadremoretirubide.educacion.navarra.es\/web1\/wp-content\/uploads\/2025\/04\/PHOTO-2025-04-01-16-04-02.jpg 1600w\" sizes=\"(max-width: 1024px) 100vw, 1024px\" \/><\/figure>\n\n\n\n<p>Un d\u00eda precioso en la costa basca El martes 1 de abril, los alumnos de tercero pasaron la jornada en Biarritz y Bayona. Primero visitaron la \u00abciudad del oc\u00e9ano\u00bb, donde les encant\u00f3 la actividad al rev\u00e9s, luego, como el clima lo permiti\u00f3, dieron un paseo por la playa. Por la tarde se dirigieron a Bayona, donde tuvieron tiempo libre para visitar el casco antiguo, su catedral, sus mercados, su jard\u00edn bot\u00e1nico\u2026 Realmente, un momento muy agradable.<\/p>\n\n\n\n<figure class=\"wp-block-gallery has-nested-images columns-default is-cropped wp-block-gallery-1 is-layout-flex wp-block-gallery-is-layout-flex\">\n<figure class=\"wp-block-image size-large\"><img decoding=\"async\" width=\"576\" height=\"1024\" data-id=\"5455\" src=\"https:\/\/iespadremoretirubide.educacion.navarra.es\/web1\/wp-content\/uploads\/2025\/04\/PHOTO-2025-04-01-12-30-53-576x1024.jpg\" alt=\"\" class=\"wp-image-5455\" srcset=\"https:\/\/iespadremoretirubide.educacion.navarra.es\/web1\/wp-content\/uploads\/2025\/04\/PHOTO-2025-04-01-12-30-53-576x1024.jpg 576w, https:\/\/iespadremoretirubide.educacion.navarra.es\/web1\/wp-content\/uploads\/2025\/04\/PHOTO-2025-04-01-12-30-53-169x300.jpg 169w, https:\/\/iespadremoretirubide.educacion.navarra.es\/web1\/wp-content\/uploads\/2025\/04\/PHOTO-2025-04-01-12-30-53-768x1365.jpg 768w, https:\/\/iespadremoretirubide.educacion.navarra.es\/web1\/wp-content\/uploads\/2025\/04\/PHOTO-2025-04-01-12-30-53-864x1536.jpg 864w, https:\/\/iespadremoretirubide.educacion.navarra.es\/web1\/wp-content\/uploads\/2025\/04\/PHOTO-2025-04-01-12-30-53.jpg 900w\" sizes=\"(max-width: 576px) 100vw, 576px\" \/><\/figure>\n\n\n\n<figure class=\"wp-block-image size-large\"><img decoding=\"async\" width=\"676\" height=\"922\" data-id=\"5457\" src=\"https:\/\/iespadremoretirubide.educacion.navarra.es\/web1\/wp-content\/uploads\/2025\/04\/2.jpg.png\" alt=\"\" class=\"wp-image-5457\" srcset=\"https:\/\/iespadremoretirubide.educacion.navarra.es\/web1\/wp-content\/uploads\/2025\/04\/2.jpg.png 676w, https:\/\/iespadremoretirubide.educacion.navarra.es\/web1\/wp-content\/uploads\/2025\/04\/2.jpg-220x300.png 220w\" sizes=\"(max-width: 676px) 100vw, 676px\" \/><\/figure>\n\n\n\n<figure class=\"wp-block-image size-large\"><img loading=\"lazy\" decoding=\"async\" width=\"628\" height=\"694\" data-id=\"5458\" src=\"https:\/\/iespadremoretirubide.educacion.navarra.es\/web1\/wp-content\/uploads\/2025\/04\/3.jpg.png\" alt=\"\" class=\"wp-image-5458\" srcset=\"https:\/\/iespadremoretirubide.educacion.navarra.es\/web1\/wp-content\/uploads\/2025\/04\/3.jpg.png 628w, https:\/\/iespadremoretirubide.educacion.navarra.es\/web1\/wp-content\/uploads\/2025\/04\/3.jpg-271x300.png 271w\" sizes=\"(max-width: 628px) 100vw, 628px\" \/><\/figure>\n\n\n\n<figure class=\"wp-block-image size-large\"><img loading=\"lazy\" decoding=\"async\" width=\"1024\" height=\"768\" data-id=\"5456\" src=\"https:\/\/iespadremoretirubide.educacion.navarra.es\/web1\/wp-content\/uploads\/2025\/04\/PHOTO-2025-04-02-09-54-17-1024x768.jpg\" alt=\"\" class=\"wp-image-5456\" srcset=\"https:\/\/iespadremoretirubide.educacion.navarra.es\/web1\/wp-content\/uploads\/2025\/04\/PHOTO-2025-04-02-09-54-17-1024x768.jpg 1024w, https:\/\/iespadremoretirubide.educacion.navarra.es\/web1\/wp-content\/uploads\/2025\/04\/PHOTO-2025-04-02-09-54-17-300x225.jpg 300w, https:\/\/iespadremoretirubide.educacion.navarra.es\/web1\/wp-content\/uploads\/2025\/04\/PHOTO-2025-04-02-09-54-17-768x576.jpg 768w, https:\/\/iespadremoretirubide.educacion.navarra.es\/web1\/wp-content\/uploads\/2025\/04\/PHOTO-2025-04-02-09-54-17-1536x1152.jpg 1536w, https:\/\/iespadremoretirubide.educacion.navarra.es\/web1\/wp-content\/uploads\/2025\/04\/PHOTO-2025-04-02-09-54-17-2048x1536.jpg 2048w, https:\/\/iespadremoretirubide.educacion.navarra.es\/web1\/wp-content\/uploads\/2025\/04\/PHOTO-2025-04-02-09-54-17-702x526.jpg 702w\" sizes=\"(max-width: 1024px) 100vw, 1024px\" \/><\/figure>\n<\/figure>\n","protected":false},"excerpt":{"rendered":"<p>Mardi 1 Avril, les \u00e9l\u00e8ves de tercero ont pass\u00e9 la journ\u00e9e sur Biarritz et Bayonne. Tout d&#8217;abord, ils ont visit\u00e9 la \u00abcit\u00e9 de l&#8217;oc\u00e9an\u00bb, o\u00f9 ils ont ador\u00e9 l&#8217;activit\u00e9 de la t\u00eate en bas, puis comme la m\u00e9t\u00e9o le permettait, ils se sont promen\u00e9s sur la plage. L&#8217;apr\u00e8s-midi, ils ont \u00e9t\u00e9 \u00e0 Bayonne, o\u00f9 ils [&hellip;]<\/p>\n","protected":false},"author":1,"featured_media":5454,"comment_status":"closed","ping_status":"closed","sticky":false,"template":"","format":"standard","meta":{"_genesis_hide_title":false,"_genesis_hide_breadcrumbs":false,"_genesis_hide_singular_image":false,"_genesis_hide_footer_widgets":false,"_genesis_custom_body_class":"","_genesis_custom_post_class":"","_genesis_layout":"","footnotes":""},"categories":[1],"tags":[],"_links":{"self":[{"href":"https:\/\/iespadremoretirubide.educacion.navarra.es\/web1\/wp-json\/wp\/v2\/posts\/5453"}],"collection":[{"href":"https:\/\/iespadremoretirubide.educacion.navarra.es\/web1\/wp-json\/wp\/v2\/posts"}],"about":[{"href":"https:\/\/iespadremoretirubide.educacion.navarra.es\/web1\/wp-json\/wp\/v2\/types\/post"}],"author":[{"embeddable":true,"href":"https:\/\/iespadremoretirubide.educacion.navarra.es\/web1\/wp-json\/wp\/v2\/users\/1"}],"replies":[{"embeddable":true,"href":"https:\/\/iespadremoretirubide.educacion.navarra.es\/web1\/wp-json\/wp\/v2\/comments?post=5453"}],"version-history":[{"count":1,"href":"https:\/\/iespadremoretirubide.educacion.navarra.es\/web1\/wp-json\/wp\/v2\/posts\/5453\/revisions"}],"predecessor-version":[{"id":5459,"href":"https:\/\/iespadremoretirubide.educacion.navarra.es\/web1\/wp-json\/wp\/v2\/posts\/5453\/revisions\/5459"}],"wp:featuredmedia":[{"embeddable":true,"href":"https:\/\/iespadremoretirubide.educacion.navarra.es\/web1\/wp-json\/wp\/v2\/media\/5454"}],"wp:attachment":[{"href":"https:\/\/iespadremoretirubide.educacion.navarra.es\/web1\/wp-json\/wp\/v2\/media?parent=5453"}],"wp:term":[{"taxonomy":"category","embeddable":true,"href":"https:\/\/iespadremoretirubide.educacion.navarra.es\/web1\/wp-json\/wp\/v2\/categories?post=5453"},{"taxonomy":"post_tag","embeddable":true,"href":"https:\/\/iespadremoretirubide.educacion.navarra.es\/web1\/wp-json\/wp\/v2\/tags?post=5453"}],"curies":[{"name":"wp","href":"https:\/\/api.w.org\/{rel}","templated":true}]}}