{"id":5653,"date":"2025-06-20T12:23:00","date_gmt":"2025-06-20T10:23:00","guid":{"rendered":"https:\/\/iespadremoretirubide.educacion.navarra.es\/web1\/?p=5653"},"modified":"2025-06-23T21:16:56","modified_gmt":"2025-06-23T19:16:56","slug":"examen-matematicas-pendientes-1o-bachillerato","status":"publish","type":"post","link":"https:\/\/iespadremoretirubide.educacion.navarra.es\/web1\/blog\/2025\/06\/20\/examen-matematicas-pendientes-1o-bachillerato\/","title":{"rendered":"Ex\u00e1menes septiembre (Pendientes ESO y Bachillerato), Matem\u00e1ticas y F\u00edsica y Qu\u00edmica"},"content":{"rendered":"\n<p><strong>Matem\u00e1ticas: alumnado con la asignatura pendiente de 1\u00ba Bachillerato<\/strong>: d\u00eda mi\u00e9rcoles, 3 de septiembre, 8.55 horas en la Puerta Principal. El personal del departamento de Matem\u00e1ticas los llevar\u00e1 al aula de examen. <\/p>\n\n\n\n<p><strong>F\u00edsica y qu\u00edmica:  alumnado con la asignatura pendiente de 1\u00ba Bachillerato<\/strong> <strong>y alumnado con la F\u00edsica y qu\u00edmica de 3\u00ba PENDIENTE<\/strong> y que se incorporan a un 4\u00ba de ESO en el que no contin\u00faan con la materia en 4\u00ba ESO (Tecnol\u00f3gico y Human\u00edstico) . En ambos casos, durante la primera semana de septiembre (fecha sin concretar), se realizar\u00e1 un examen cuya materia se tomar\u00e1 del cuadernillo de ejercicios preparado para el trabajo en verano. El hacer los ejercicios contar\u00e1 <strong>hasta un punto en la nota final<\/strong>, por lo que deben traer el cuadernillo el d\u00eda que se lleve a cabo el examen. <\/p>\n","protected":false},"excerpt":{"rendered":"<p>Matem\u00e1ticas: alumnado con la asignatura pendiente de 1\u00ba Bachillerato: d\u00eda mi\u00e9rcoles, 3 de septiembre, 8.55 horas en la Puerta Principal. El personal del departamento de Matem\u00e1ticas los llevar\u00e1 al aula de examen. F\u00edsica y qu\u00edmica: alumnado con la asignatura pendiente de 1\u00ba Bachillerato y alumnado con la F\u00edsica y qu\u00edmica de 3\u00ba PENDIENTE y que [&hellip;]<\/p>\n","protected":false},"author":1,"featured_media":0,"comment_status":"closed","ping_status":"closed","sticky":false,"template":"","format":"standard","meta":{"_genesis_hide_title":false,"_genesis_hide_breadcrumbs":false,"_genesis_hide_singular_image":false,"_genesis_hide_footer_widgets":false,"_genesis_custom_body_class":"","_genesis_custom_post_class":"","_genesis_layout":"","footnotes":""},"categories":[3],"tags":[],"_links":{"self":[{"href":"https:\/\/iespadremoretirubide.educacion.navarra.es\/web1\/wp-json\/wp\/v2\/posts\/5653"}],"collection":[{"href":"https:\/\/iespadremoretirubide.educacion.navarra.es\/web1\/wp-json\/wp\/v2\/posts"}],"about":[{"href":"https:\/\/iespadremoretirubide.educacion.navarra.es\/web1\/wp-json\/wp\/v2\/types\/post"}],"author":[{"embeddable":true,"href":"https:\/\/iespadremoretirubide.educacion.navarra.es\/web1\/wp-json\/wp\/v2\/users\/1"}],"replies":[{"embeddable":true,"href":"https:\/\/iespadremoretirubide.educacion.navarra.es\/web1\/wp-json\/wp\/v2\/comments?post=5653"}],"version-history":[{"count":2,"href":"https:\/\/iespadremoretirubide.educacion.navarra.es\/web1\/wp-json\/wp\/v2\/posts\/5653\/revisions"}],"predecessor-version":[{"id":5658,"href":"https:\/\/iespadremoretirubide.educacion.navarra.es\/web1\/wp-json\/wp\/v2\/posts\/5653\/revisions\/5658"}],"wp:attachment":[{"href":"https:\/\/iespadremoretirubide.educacion.navarra.es\/web1\/wp-json\/wp\/v2\/media?parent=5653"}],"wp:term":[{"taxonomy":"category","embeddable":true,"href":"https:\/\/iespadremoretirubide.educacion.navarra.es\/web1\/wp-json\/wp\/v2\/categories?post=5653"},{"taxonomy":"post_tag","embeddable":true,"href":"https:\/\/iespadremoretirubide.educacion.navarra.es\/web1\/wp-json\/wp\/v2\/tags?post=5653"}],"curies":[{"name":"wp","href":"https:\/\/api.w.org\/{rel}","templated":true}]}}