{"id":5664,"date":"2025-09-01T21:27:24","date_gmt":"2025-09-01T19:27:24","guid":{"rendered":"https:\/\/iespadremoretirubide.educacion.navarra.es\/web1\/?p=5664"},"modified":"2025-09-01T21:28:25","modified_gmt":"2025-09-01T19:28:25","slug":"4-de-septiembre-inicio-de-curso-horarios","status":"publish","type":"post","link":"https:\/\/iespadremoretirubide.educacion.navarra.es\/web1\/blog\/2025\/09\/01\/4-de-septiembre-inicio-de-curso-horarios\/","title":{"rendered":"4 de septiembre, inicio de curso: horarios"},"content":{"rendered":"\n<div class=\"wp-block-media-text is-stacked-on-mobile\" style=\"grid-template-columns:29% auto\"><figure class=\"wp-block-media-text__media\"><img fetchpriority=\"high\" decoding=\"async\" width=\"500\" height=\"500\" src=\"https:\/\/iespadremoretirubide.educacion.navarra.es\/web1\/wp-content\/uploads\/2025\/09\/aviso-importante.gif\" alt=\"\" class=\"wp-image-5702 size-full\"\/><\/figure><div class=\"wp-block-media-text__content\">\n<p>HORARIO <strong>D\u00cdA 4 DE SEPTIEMBRE DE 2025<\/strong>, JUEVES.<\/p>\n<\/div><\/div>\n\n\n\n<p>El profesorado tutor recibir\u00e1 a sus alumnos <strong>en la puerta SUR<\/strong> (junto a la Iglesia), <strong>el jueves 4 de septiembre<\/strong>. El alumnado deber\u00e1 traer una mochila para llevarse los libros. Al alumnado de 1\u00ba ESO se le har\u00e1 entrega del Chromebook durante esta sesi\u00f3n inicial. <\/p>\n\n\n\n<ul>\n<li>1\u00ba ESO: sal\u00f3n de actos &#8211; 11:00 h<\/li>\n\n\n\n<li>2\u00ba ESO: puerta sur &#8211; 11:15h<\/li>\n\n\n\n<li>3\u00ba ESO: puerta sur &#8211; 11:30h<\/li>\n\n\n\n<li>4\u00ba ESO: puerta sur &#8211; 11:45 h<\/li>\n\n\n\n<li>Bachillerato: puerta sur &#8211; 12:00 h<\/li>\n<\/ul>\n\n\n\n<p>Ir\u00e1n pasando en orden y ser\u00e1n acompa\u00f1ados por el\/la tutor\/a hasta su aula de referencia. <\/p>\n\n\n\n<p><strong>LA JORNADA INICIAL DEL D\u00cdA 4 DE SEPTIEMBRE SE DAR\u00c1 POR TERMINADA A LAS 13.00 HORAS.<\/strong> <\/p>\n\n\n\n<p>A partir del d\u00eda 5 de septiembre, el horario ser\u00e1 de 8 a 14.00 h. (Grupos British, martes y jueves de 8.00 a 15.00). <\/p>\n","protected":false},"excerpt":{"rendered":"<p>HORARIO D\u00cdA 4 DE SEPTIEMBRE DE 2025, JUEVES. El profesorado tutor recibir\u00e1 a sus alumnos en la puerta SUR (junto a la Iglesia), el jueves 4 de septiembre. El alumnado deber\u00e1 traer una mochila para llevarse los libros. Al alumnado de 1\u00ba ESO se le har\u00e1 entrega del Chromebook durante esta sesi\u00f3n inicial. Ir\u00e1n pasando [&hellip;]<\/p>\n","protected":false},"author":1,"featured_media":0,"comment_status":"closed","ping_status":"closed","sticky":false,"template":"","format":"standard","meta":{"_genesis_hide_title":false,"_genesis_hide_breadcrumbs":false,"_genesis_hide_singular_image":false,"_genesis_hide_footer_widgets":false,"_genesis_custom_body_class":"","_genesis_custom_post_class":"","_genesis_layout":"","footnotes":""},"categories":[3],"tags":[],"_links":{"self":[{"href":"https:\/\/iespadremoretirubide.educacion.navarra.es\/web1\/wp-json\/wp\/v2\/posts\/5664"}],"collection":[{"href":"https:\/\/iespadremoretirubide.educacion.navarra.es\/web1\/wp-json\/wp\/v2\/posts"}],"about":[{"href":"https:\/\/iespadremoretirubide.educacion.navarra.es\/web1\/wp-json\/wp\/v2\/types\/post"}],"author":[{"embeddable":true,"href":"https:\/\/iespadremoretirubide.educacion.navarra.es\/web1\/wp-json\/wp\/v2\/users\/1"}],"replies":[{"embeddable":true,"href":"https:\/\/iespadremoretirubide.educacion.navarra.es\/web1\/wp-json\/wp\/v2\/comments?post=5664"}],"version-history":[{"count":5,"href":"https:\/\/iespadremoretirubide.educacion.navarra.es\/web1\/wp-json\/wp\/v2\/posts\/5664\/revisions"}],"predecessor-version":[{"id":5707,"href":"https:\/\/iespadremoretirubide.educacion.navarra.es\/web1\/wp-json\/wp\/v2\/posts\/5664\/revisions\/5707"}],"wp:attachment":[{"href":"https:\/\/iespadremoretirubide.educacion.navarra.es\/web1\/wp-json\/wp\/v2\/media?parent=5664"}],"wp:term":[{"taxonomy":"category","embeddable":true,"href":"https:\/\/iespadremoretirubide.educacion.navarra.es\/web1\/wp-json\/wp\/v2\/categories?post=5664"},{"taxonomy":"post_tag","embeddable":true,"href":"https:\/\/iespadremoretirubide.educacion.navarra.es\/web1\/wp-json\/wp\/v2\/tags?post=5664"}],"curies":[{"name":"wp","href":"https:\/\/api.w.org\/{rel}","templated":true}]}}