{"id":5791,"date":"2025-11-11T09:18:15","date_gmt":"2025-11-11T08:18:15","guid":{"rendered":"https:\/\/iespadremoretirubide.educacion.navarra.es\/web1\/?p=5791"},"modified":"2025-11-11T09:18:16","modified_gmt":"2025-11-11T08:18:16","slug":"irubide-celebra-el-mes-de-las-autoras","status":"publish","type":"post","link":"https:\/\/iespadremoretirubide.educacion.navarra.es\/web1\/blog\/2025\/11\/11\/irubide-celebra-el-mes-de-las-autoras\/","title":{"rendered":"Irubide celebra el mes de las autoras"},"content":{"rendered":"\n<p>El mes de octubre ha sido el <em>Mes de las Escritoras<\/em> y busca poner en valor el papel de la mujer en el \u00e1mbito de la Literatura. El alumnado de 4\u00ba de la ESO se ha unido a esta celebraci\u00f3n y durante este mes ha realizado en la asignatura de Lengua castellana y Literatura un trabajo de aproximaci\u00f3n, investigaci\u00f3n y lectura de las obras de varias mujeres que escriben en las diferentes lenguas de Espa\u00f1a y en las diferentes variantes ling\u00fc\u00edsticas del castellano.\u00a0<\/p>\n\n\n\n<figure class=\"wp-block-image size-large\"><img fetchpriority=\"high\" decoding=\"async\" width=\"1024\" height=\"768\" src=\"https:\/\/iespadremoretirubide.educacion.navarra.es\/web1\/wp-content\/uploads\/2025\/11\/bc702c9c-a31a-41a9-9b71-55ac43e9401f-1024x768.jpg\" alt=\"\" class=\"wp-image-5792\" srcset=\"https:\/\/iespadremoretirubide.educacion.navarra.es\/web1\/wp-content\/uploads\/2025\/11\/bc702c9c-a31a-41a9-9b71-55ac43e9401f-1024x768.jpg 1024w, https:\/\/iespadremoretirubide.educacion.navarra.es\/web1\/wp-content\/uploads\/2025\/11\/bc702c9c-a31a-41a9-9b71-55ac43e9401f-300x225.jpg 300w, https:\/\/iespadremoretirubide.educacion.navarra.es\/web1\/wp-content\/uploads\/2025\/11\/bc702c9c-a31a-41a9-9b71-55ac43e9401f-768x576.jpg 768w, https:\/\/iespadremoretirubide.educacion.navarra.es\/web1\/wp-content\/uploads\/2025\/11\/bc702c9c-a31a-41a9-9b71-55ac43e9401f-1536x1152.jpg 1536w, https:\/\/iespadremoretirubide.educacion.navarra.es\/web1\/wp-content\/uploads\/2025\/11\/bc702c9c-a31a-41a9-9b71-55ac43e9401f-702x526.jpg 702w, https:\/\/iespadremoretirubide.educacion.navarra.es\/web1\/wp-content\/uploads\/2025\/11\/bc702c9c-a31a-41a9-9b71-55ac43e9401f.jpg 2000w\" sizes=\"(max-width: 1024px) 100vw, 1024px\" \/><\/figure>\n\n\n\n<p>De este modo, han aprovechado esta efem\u00e9ride para conocer m\u00e1s, no solo la obra literaria de varias autoras, sino tambi\u00e9n la riqueza ling\u00fc\u00edstica de Espa\u00f1a y del idioma espa\u00f1ol. En el marco de este trabajo, el alumnado ha realizado diversos p\u00f3steres cient\u00edficos que recog\u00edan la informaci\u00f3n investigada en ambos temas y, adem\u00e1s, han le\u00eddo textos de varias autoras: Eider Rodr\u00edguez, Lana Carujo, Gata Cattana, Isabel Allende, Andrea Abreu, Leila Guerreiro, Irene Sol\u00e0, Isabel Garc\u00eda i Canet y Olga Novo.<\/p>\n\n\n\n<figure class=\"wp-block-gallery has-nested-images columns-default is-cropped wp-block-gallery-1 is-layout-flex wp-block-gallery-is-layout-flex\">\n<figure class=\"wp-block-image size-large\"><img decoding=\"async\" width=\"768\" height=\"1024\" data-id=\"5795\" src=\"https:\/\/iespadremoretirubide.educacion.navarra.es\/web1\/wp-content\/uploads\/2025\/11\/0f5d7ebf-2ac2-4236-8c31-9ff66008e558-768x1024.jpg\" alt=\"\" class=\"wp-image-5795\" srcset=\"https:\/\/iespadremoretirubide.educacion.navarra.es\/web1\/wp-content\/uploads\/2025\/11\/0f5d7ebf-2ac2-4236-8c31-9ff66008e558-768x1024.jpg 768w, https:\/\/iespadremoretirubide.educacion.navarra.es\/web1\/wp-content\/uploads\/2025\/11\/0f5d7ebf-2ac2-4236-8c31-9ff66008e558-225x300.jpg 225w, https:\/\/iespadremoretirubide.educacion.navarra.es\/web1\/wp-content\/uploads\/2025\/11\/0f5d7ebf-2ac2-4236-8c31-9ff66008e558-1152x1536.jpg 1152w, https:\/\/iespadremoretirubide.educacion.navarra.es\/web1\/wp-content\/uploads\/2025\/11\/0f5d7ebf-2ac2-4236-8c31-9ff66008e558.jpg 1200w\" sizes=\"(max-width: 768px) 100vw, 768px\" \/><\/figure>\n\n\n\n<figure class=\"wp-block-image size-large\"><img decoding=\"async\" width=\"1024\" height=\"768\" data-id=\"5793\" src=\"https:\/\/iespadremoretirubide.educacion.navarra.es\/web1\/wp-content\/uploads\/2025\/11\/1a5058e9-6eda-4515-9344-140f45ea17ae-1024x768.jpg\" alt=\"\" class=\"wp-image-5793\" srcset=\"https:\/\/iespadremoretirubide.educacion.navarra.es\/web1\/wp-content\/uploads\/2025\/11\/1a5058e9-6eda-4515-9344-140f45ea17ae-1024x768.jpg 1024w, https:\/\/iespadremoretirubide.educacion.navarra.es\/web1\/wp-content\/uploads\/2025\/11\/1a5058e9-6eda-4515-9344-140f45ea17ae-300x225.jpg 300w, https:\/\/iespadremoretirubide.educacion.navarra.es\/web1\/wp-content\/uploads\/2025\/11\/1a5058e9-6eda-4515-9344-140f45ea17ae-768x576.jpg 768w, https:\/\/iespadremoretirubide.educacion.navarra.es\/web1\/wp-content\/uploads\/2025\/11\/1a5058e9-6eda-4515-9344-140f45ea17ae-1536x1152.jpg 1536w, https:\/\/iespadremoretirubide.educacion.navarra.es\/web1\/wp-content\/uploads\/2025\/11\/1a5058e9-6eda-4515-9344-140f45ea17ae-702x526.jpg 702w, https:\/\/iespadremoretirubide.educacion.navarra.es\/web1\/wp-content\/uploads\/2025\/11\/1a5058e9-6eda-4515-9344-140f45ea17ae.jpg 1600w\" sizes=\"(max-width: 1024px) 100vw, 1024px\" \/><\/figure>\n\n\n\n<figure class=\"wp-block-image size-large\"><img loading=\"lazy\" decoding=\"async\" width=\"768\" height=\"1024\" data-id=\"5797\" src=\"https:\/\/iespadremoretirubide.educacion.navarra.es\/web1\/wp-content\/uploads\/2025\/11\/4db1151c-2a6d-48d3-a2a5-9c245cdfb7f8-768x1024.jpg\" alt=\"\" class=\"wp-image-5797\" srcset=\"https:\/\/iespadremoretirubide.educacion.navarra.es\/web1\/wp-content\/uploads\/2025\/11\/4db1151c-2a6d-48d3-a2a5-9c245cdfb7f8-768x1024.jpg 768w, https:\/\/iespadremoretirubide.educacion.navarra.es\/web1\/wp-content\/uploads\/2025\/11\/4db1151c-2a6d-48d3-a2a5-9c245cdfb7f8-225x300.jpg 225w, https:\/\/iespadremoretirubide.educacion.navarra.es\/web1\/wp-content\/uploads\/2025\/11\/4db1151c-2a6d-48d3-a2a5-9c245cdfb7f8-1152x1536.jpg 1152w, https:\/\/iespadremoretirubide.educacion.navarra.es\/web1\/wp-content\/uploads\/2025\/11\/4db1151c-2a6d-48d3-a2a5-9c245cdfb7f8.jpg 1200w\" sizes=\"(max-width: 768px) 100vw, 768px\" \/><\/figure>\n\n\n\n<figure class=\"wp-block-image size-large\"><img loading=\"lazy\" decoding=\"async\" width=\"768\" height=\"1024\" data-id=\"5794\" src=\"https:\/\/iespadremoretirubide.educacion.navarra.es\/web1\/wp-content\/uploads\/2025\/11\/8b482bc7-d799-471f-b59c-e0797ad7e22c-768x1024.jpg\" alt=\"\" class=\"wp-image-5794\" srcset=\"https:\/\/iespadremoretirubide.educacion.navarra.es\/web1\/wp-content\/uploads\/2025\/11\/8b482bc7-d799-471f-b59c-e0797ad7e22c-768x1024.jpg 768w, https:\/\/iespadremoretirubide.educacion.navarra.es\/web1\/wp-content\/uploads\/2025\/11\/8b482bc7-d799-471f-b59c-e0797ad7e22c-225x300.jpg 225w, https:\/\/iespadremoretirubide.educacion.navarra.es\/web1\/wp-content\/uploads\/2025\/11\/8b482bc7-d799-471f-b59c-e0797ad7e22c-1152x1536.jpg 1152w, https:\/\/iespadremoretirubide.educacion.navarra.es\/web1\/wp-content\/uploads\/2025\/11\/8b482bc7-d799-471f-b59c-e0797ad7e22c.jpg 1200w\" sizes=\"(max-width: 768px) 100vw, 768px\" \/><\/figure>\n\n\n\n<figure class=\"wp-block-image size-large\"><img loading=\"lazy\" decoding=\"async\" width=\"768\" height=\"1024\" data-id=\"5796\" src=\"https:\/\/iespadremoretirubide.educacion.navarra.es\/web1\/wp-content\/uploads\/2025\/11\/9c6a5e0e-a81a-46a7-bf60-58a8e07886fb-768x1024.jpg\" alt=\"\" class=\"wp-image-5796\" srcset=\"https:\/\/iespadremoretirubide.educacion.navarra.es\/web1\/wp-content\/uploads\/2025\/11\/9c6a5e0e-a81a-46a7-bf60-58a8e07886fb-768x1024.jpg 768w, https:\/\/iespadremoretirubide.educacion.navarra.es\/web1\/wp-content\/uploads\/2025\/11\/9c6a5e0e-a81a-46a7-bf60-58a8e07886fb-225x300.jpg 225w, https:\/\/iespadremoretirubide.educacion.navarra.es\/web1\/wp-content\/uploads\/2025\/11\/9c6a5e0e-a81a-46a7-bf60-58a8e07886fb-1152x1536.jpg 1152w, https:\/\/iespadremoretirubide.educacion.navarra.es\/web1\/wp-content\/uploads\/2025\/11\/9c6a5e0e-a81a-46a7-bf60-58a8e07886fb.jpg 1200w\" sizes=\"(max-width: 768px) 100vw, 768px\" \/><\/figure>\n\n\n\n<figure class=\"wp-block-image size-large\"><img loading=\"lazy\" decoding=\"async\" width=\"768\" height=\"1024\" data-id=\"5798\" src=\"https:\/\/iespadremoretirubide.educacion.navarra.es\/web1\/wp-content\/uploads\/2025\/11\/89cb794c-bf9b-4037-aa60-fcb69cce9964-768x1024.jpg\" alt=\"\" class=\"wp-image-5798\" srcset=\"https:\/\/iespadremoretirubide.educacion.navarra.es\/web1\/wp-content\/uploads\/2025\/11\/89cb794c-bf9b-4037-aa60-fcb69cce9964-768x1024.jpg 768w, https:\/\/iespadremoretirubide.educacion.navarra.es\/web1\/wp-content\/uploads\/2025\/11\/89cb794c-bf9b-4037-aa60-fcb69cce9964-225x300.jpg 225w, https:\/\/iespadremoretirubide.educacion.navarra.es\/web1\/wp-content\/uploads\/2025\/11\/89cb794c-bf9b-4037-aa60-fcb69cce9964-1152x1536.jpg 1152w, https:\/\/iespadremoretirubide.educacion.navarra.es\/web1\/wp-content\/uploads\/2025\/11\/89cb794c-bf9b-4037-aa60-fcb69cce9964.jpg 1500w\" sizes=\"(max-width: 768px) 100vw, 768px\" \/><\/figure>\n\n\n\n<figure class=\"wp-block-image size-large\"><img loading=\"lazy\" decoding=\"async\" width=\"768\" height=\"1024\" data-id=\"5799\" src=\"https:\/\/iespadremoretirubide.educacion.navarra.es\/web1\/wp-content\/uploads\/2025\/11\/870cb639-0962-4b16-b6c8-9c6e9b7116ca-768x1024.jpg\" alt=\"\" class=\"wp-image-5799\" srcset=\"https:\/\/iespadremoretirubide.educacion.navarra.es\/web1\/wp-content\/uploads\/2025\/11\/870cb639-0962-4b16-b6c8-9c6e9b7116ca-768x1024.jpg 768w, https:\/\/iespadremoretirubide.educacion.navarra.es\/web1\/wp-content\/uploads\/2025\/11\/870cb639-0962-4b16-b6c8-9c6e9b7116ca-225x300.jpg 225w, https:\/\/iespadremoretirubide.educacion.navarra.es\/web1\/wp-content\/uploads\/2025\/11\/870cb639-0962-4b16-b6c8-9c6e9b7116ca-1152x1536.jpg 1152w, https:\/\/iespadremoretirubide.educacion.navarra.es\/web1\/wp-content\/uploads\/2025\/11\/870cb639-0962-4b16-b6c8-9c6e9b7116ca.jpg 1200w\" sizes=\"(max-width: 768px) 100vw, 768px\" \/><\/figure>\n<\/figure>\n","protected":false},"excerpt":{"rendered":"<p>El mes de octubre ha sido el Mes de las Escritoras y busca poner en valor el papel de la mujer en el \u00e1mbito de la Literatura. El alumnado de 4\u00ba de la ESO se ha unido a esta celebraci\u00f3n y durante este mes ha realizado en la asignatura de Lengua castellana y Literatura un [&hellip;]<\/p>\n","protected":false},"author":1,"featured_media":5792,"comment_status":"closed","ping_status":"closed","sticky":false,"template":"","format":"standard","meta":{"_genesis_hide_title":false,"_genesis_hide_breadcrumbs":false,"_genesis_hide_singular_image":false,"_genesis_hide_footer_widgets":false,"_genesis_custom_body_class":"","_genesis_custom_post_class":"","_genesis_layout":"","footnotes":""},"categories":[1],"tags":[],"_links":{"self":[{"href":"https:\/\/iespadremoretirubide.educacion.navarra.es\/web1\/wp-json\/wp\/v2\/posts\/5791"}],"collection":[{"href":"https:\/\/iespadremoretirubide.educacion.navarra.es\/web1\/wp-json\/wp\/v2\/posts"}],"about":[{"href":"https:\/\/iespadremoretirubide.educacion.navarra.es\/web1\/wp-json\/wp\/v2\/types\/post"}],"author":[{"embeddable":true,"href":"https:\/\/iespadremoretirubide.educacion.navarra.es\/web1\/wp-json\/wp\/v2\/users\/1"}],"replies":[{"embeddable":true,"href":"https:\/\/iespadremoretirubide.educacion.navarra.es\/web1\/wp-json\/wp\/v2\/comments?post=5791"}],"version-history":[{"count":1,"href":"https:\/\/iespadremoretirubide.educacion.navarra.es\/web1\/wp-json\/wp\/v2\/posts\/5791\/revisions"}],"predecessor-version":[{"id":5800,"href":"https:\/\/iespadremoretirubide.educacion.navarra.es\/web1\/wp-json\/wp\/v2\/posts\/5791\/revisions\/5800"}],"wp:featuredmedia":[{"embeddable":true,"href":"https:\/\/iespadremoretirubide.educacion.navarra.es\/web1\/wp-json\/wp\/v2\/media\/5792"}],"wp:attachment":[{"href":"https:\/\/iespadremoretirubide.educacion.navarra.es\/web1\/wp-json\/wp\/v2\/media?parent=5791"}],"wp:term":[{"taxonomy":"category","embeddable":true,"href":"https:\/\/iespadremoretirubide.educacion.navarra.es\/web1\/wp-json\/wp\/v2\/categories?post=5791"},{"taxonomy":"post_tag","embeddable":true,"href":"https:\/\/iespadremoretirubide.educacion.navarra.es\/web1\/wp-json\/wp\/v2\/tags?post=5791"}],"curies":[{"name":"wp","href":"https:\/\/api.w.org\/{rel}","templated":true}]}}