{"id":5822,"date":"2025-11-18T17:53:09","date_gmt":"2025-11-18T16:53:09","guid":{"rendered":"https:\/\/iespadremoretirubide.educacion.navarra.es\/web1\/?p=5822"},"modified":"2025-11-18T17:54:35","modified_gmt":"2025-11-18T16:54:35","slug":"modelos-atomicos-vota-tu-favorito","status":"publish","type":"post","link":"https:\/\/iespadremoretirubide.educacion.navarra.es\/web1\/blog\/2025\/11\/18\/modelos-atomicos-vota-tu-favorito\/","title":{"rendered":"Modelos at\u00f3micos, \u00a1vota tu favorito!"},"content":{"rendered":"\n<p>P\u00e1sate por el aula Ikasnova y detente unos minutos para valorar los finalistas del concurso de maquetas realizado por el alumnado de F\u00edsica y Qu\u00edmica de 3\u00ba de ESO. Si quieres verlo con m\u00e1s detalle echa un vistazo a <a href=\"https:\/\/drive.google.com\/file\/d\/1nhhRvpIchckMoBlwf0AHjVc6PdwLvg_1\/view?\" data-type=\"link\" data-id=\"https:\/\/drive.google.com\/file\/d\/1nhhRvpIchckMoBlwf0AHjVc6PdwLvg_1\/view?\">este enlace<\/a><\/p>\n\n\n\n<p>La mejor maqueta tendr\u00e1 un premio sorpresa, <a href=\"https:\/\/docs.google.com\/forms\/d\/e\/1FAIpQLSfhyATiunwb_SfKiWrswkGsHyUUyJq2YfSk2dqMzsdPfcZphw\/viewform?usp=publish-editor\" data-type=\"link\" data-id=\"https:\/\/docs.google.com\/forms\/d\/e\/1FAIpQLSfhyATiunwb_SfKiWrswkGsHyUUyJq2YfSk2dqMzsdPfcZphw\/viewform?usp=publish-editor\">realiza tu votaci\u00f3n<\/a> hasta el viernes 12 diciembre, \u00a1que gane el mejor!<\/p>\n\n\n\n<figure class=\"wp-block-image size-full\"><a href=\"https:\/\/drive.google.com\/file\/d\/1nhhRvpIchckMoBlwf0AHjVc6PdwLvg_1\/view?\"><img fetchpriority=\"high\" decoding=\"async\" width=\"779\" height=\"754\" src=\"https:\/\/iespadremoretirubide.educacion.navarra.es\/web1\/wp-content\/uploads\/2025\/11\/image.png\" alt=\"\" class=\"wp-image-5823\" srcset=\"https:\/\/iespadremoretirubide.educacion.navarra.es\/web1\/wp-content\/uploads\/2025\/11\/image.png 779w, https:\/\/iespadremoretirubide.educacion.navarra.es\/web1\/wp-content\/uploads\/2025\/11\/image-300x290.png 300w, https:\/\/iespadremoretirubide.educacion.navarra.es\/web1\/wp-content\/uploads\/2025\/11\/image-768x743.png 768w\" sizes=\"(max-width: 779px) 100vw, 779px\" \/><\/a><\/figure>\n\n\n\n<p><\/p>\n","protected":false},"excerpt":{"rendered":"<p>P\u00e1sate por el aula Ikasnova y detente unos minutos para valorar los finalistas del concurso de maquetas realizado por el alumnado de F\u00edsica y Qu\u00edmica de 3\u00ba de ESO. Si quieres verlo con m\u00e1s detalle echa un vistazo a este enlace La mejor maqueta tendr\u00e1 un premio sorpresa, realiza tu votaci\u00f3n hasta el viernes 12 [&hellip;]<\/p>\n","protected":false},"author":1,"featured_media":5823,"comment_status":"closed","ping_status":"closed","sticky":false,"template":"","format":"standard","meta":{"_genesis_hide_title":false,"_genesis_hide_breadcrumbs":false,"_genesis_hide_singular_image":false,"_genesis_hide_footer_widgets":false,"_genesis_custom_body_class":"","_genesis_custom_post_class":"","_genesis_layout":"","footnotes":""},"categories":[1],"tags":[],"_links":{"self":[{"href":"https:\/\/iespadremoretirubide.educacion.navarra.es\/web1\/wp-json\/wp\/v2\/posts\/5822"}],"collection":[{"href":"https:\/\/iespadremoretirubide.educacion.navarra.es\/web1\/wp-json\/wp\/v2\/posts"}],"about":[{"href":"https:\/\/iespadremoretirubide.educacion.navarra.es\/web1\/wp-json\/wp\/v2\/types\/post"}],"author":[{"embeddable":true,"href":"https:\/\/iespadremoretirubide.educacion.navarra.es\/web1\/wp-json\/wp\/v2\/users\/1"}],"replies":[{"embeddable":true,"href":"https:\/\/iespadremoretirubide.educacion.navarra.es\/web1\/wp-json\/wp\/v2\/comments?post=5822"}],"version-history":[{"count":2,"href":"https:\/\/iespadremoretirubide.educacion.navarra.es\/web1\/wp-json\/wp\/v2\/posts\/5822\/revisions"}],"predecessor-version":[{"id":5825,"href":"https:\/\/iespadremoretirubide.educacion.navarra.es\/web1\/wp-json\/wp\/v2\/posts\/5822\/revisions\/5825"}],"wp:featuredmedia":[{"embeddable":true,"href":"https:\/\/iespadremoretirubide.educacion.navarra.es\/web1\/wp-json\/wp\/v2\/media\/5823"}],"wp:attachment":[{"href":"https:\/\/iespadremoretirubide.educacion.navarra.es\/web1\/wp-json\/wp\/v2\/media?parent=5822"}],"wp:term":[{"taxonomy":"category","embeddable":true,"href":"https:\/\/iespadremoretirubide.educacion.navarra.es\/web1\/wp-json\/wp\/v2\/categories?post=5822"},{"taxonomy":"post_tag","embeddable":true,"href":"https:\/\/iespadremoretirubide.educacion.navarra.es\/web1\/wp-json\/wp\/v2\/tags?post=5822"}],"curies":[{"name":"wp","href":"https:\/\/api.w.org\/{rel}","templated":true}]}}