{"id":5827,"date":"2025-11-19T10:20:59","date_gmt":"2025-11-19T09:20:59","guid":{"rendered":"https:\/\/iespadremoretirubide.educacion.navarra.es\/web1\/?p=5827"},"modified":"2025-11-19T12:02:53","modified_gmt":"2025-11-19T11:02:53","slug":"becas-para-estudios-de-bachillerato-gobierno-de-navarra","status":"publish","type":"post","link":"https:\/\/iespadremoretirubide.educacion.navarra.es\/web1\/blog\/2025\/11\/19\/becas-para-estudios-de-bachillerato-gobierno-de-navarra\/","title":{"rendered":"Becas para estudios de Bachillerato, Gobierno de Navarra"},"content":{"rendered":"\t\t<div data-elementor-type=\"wp-post\" data-elementor-id=\"5827\" class=\"elementor elementor-5827\" data-elementor-post-type=\"post\">\n\t\t\t\t\t\t\t<div class=\"elementor-element elementor-element-6cda62c9 e-flex e-con-boxed e-con e-parent\" data-id=\"6cda62c9\" data-element_type=\"container\" data-settings=\"{&quot;content_width&quot;:&quot;boxed&quot;}\" data-core-v316-plus=\"true\">\n\t\t\t\t\t<div class=\"e-con-inner\">\n\t\t\t\t<div class=\"elementor-element elementor-element-67171cd1 elementor-widget elementor-widget-text-editor\" data-id=\"67171cd1\" data-element_type=\"widget\" data-widget_type=\"text-editor.default\">\n\t\t\t\t<div class=\"elementor-widget-container\">\n\t\t\t<style>\/*! elementor - v3.18.0 - 20-12-2023 *\/\n.elementor-widget-text-editor.elementor-drop-cap-view-stacked .elementor-drop-cap{background-color:#69727d;color:#fff}.elementor-widget-text-editor.elementor-drop-cap-view-framed .elementor-drop-cap{color:#69727d;border:3px solid;background-color:transparent}.elementor-widget-text-editor:not(.elementor-drop-cap-view-default) .elementor-drop-cap{margin-top:8px}.elementor-widget-text-editor:not(.elementor-drop-cap-view-default) .elementor-drop-cap-letter{width:1em;height:1em}.elementor-widget-text-editor .elementor-drop-cap{float:left;text-align:center;line-height:1;font-size:50px}.elementor-widget-text-editor .elementor-drop-cap-letter{display:inline-block}<\/style>\t\t\t\t<p><!-- wp:paragraph --><\/p>\n<p>Se ha publicado la convocatoria general de becas y ayudas para Bachillerato del presente curso 2025-2026. El plazo de presentaci\u00f3n es hasta el 18 de diciembre de 2025. <\/p>\n<p><!-- \/wp:paragraph --><\/p>\n<p><!-- wp:paragraph --><\/p>\n<p>En&nbsp;<a href=\"https:\/\/www.navarra.es\/es\/tramites\/on\/-\/line\/convocatoria-general-de-becas-y-ayudas-para-estudios-postobligatorios-no-universitarios\" target=\"_blank\">el siguiente enlace<\/a>&nbsp;tienen toda la informaci\u00f3n sobre la convocatoria: plazos, requisitos, documentaci\u00f3n a presentar y forma de tramitarla.<\/p>\n<p><!-- \/wp:paragraph --><\/p>\n<p><!-- wp:image {\"align\":\"center\",\"id\":5828,\"sizeSlug\":\"full\",\"linkDestination\":\"custom\"} --><\/p>\n<figure class=\"wp-block-image aligncenter size-full\"><a href=\"https:\/\/www.navarra.es\/es\/tramites\/on\/-\/line\/convocatoria-general-de-becas-y-ayudas-para-estudios-postobligatorios-no-universitarios\" target=\"_blank\" rel=\"noreferrer noopener\"><img fetchpriority=\"high\" decoding=\"async\" width=\"389\" height=\"242\" src=\"https:\/\/iespadremoretirubide.educacion.navarra.es\/web1\/wp-content\/uploads\/2025\/11\/Captura-de-pantalla-2025-11-19-101843.png\" alt=\"\" class=\"wp-image-5828\" srcset=\"https:\/\/iespadremoretirubide.educacion.navarra.es\/web1\/wp-content\/uploads\/2025\/11\/Captura-de-pantalla-2025-11-19-101843.png 389w, https:\/\/iespadremoretirubide.educacion.navarra.es\/web1\/wp-content\/uploads\/2025\/11\/Captura-de-pantalla-2025-11-19-101843-300x187.png 300w\" sizes=\"(max-width: 389px) 100vw, 389px\" \/><\/a><\/figure>\n<p><!-- \/wp:image --><\/p>\n<p><!-- wp:paragraph --><\/p>\n<p><br><\/p>\n<p><!-- \/wp:paragraph --><\/p>\n<p><!-- wp:paragraph --><\/p>\n<p><!-- \/wp:paragraph --><\/p>\t\t\t\t\t\t<\/div>\n\t\t\t\t<\/div>\n\t\t\t\t\t<\/div>\n\t\t\t\t<\/div>\n\t\t\t\t\t\t\t<\/div>\n\t\t","protected":false},"excerpt":{"rendered":"<p>Se ha publicado la convocatoria general de becas y ayudas para Bachillerato del presente curso 2025-2026. El plazo de presentaci\u00f3n es hasta el 18 de diciembre de 2025. En&nbsp;el siguiente enlace&nbsp;tienen toda la informaci\u00f3n sobre la convocatoria: plazos, requisitos, documentaci\u00f3n a presentar y forma de tramitarla.<\/p>\n","protected":false},"author":1,"featured_media":5828,"comment_status":"closed","ping_status":"closed","sticky":false,"template":"","format":"standard","meta":{"_genesis_hide_title":false,"_genesis_hide_breadcrumbs":false,"_genesis_hide_singular_image":false,"_genesis_hide_footer_widgets":false,"_genesis_custom_body_class":"","_genesis_custom_post_class":"","_genesis_layout":"","footnotes":""},"categories":[1],"tags":[],"_links":{"self":[{"href":"https:\/\/iespadremoretirubide.educacion.navarra.es\/web1\/wp-json\/wp\/v2\/posts\/5827"}],"collection":[{"href":"https:\/\/iespadremoretirubide.educacion.navarra.es\/web1\/wp-json\/wp\/v2\/posts"}],"about":[{"href":"https:\/\/iespadremoretirubide.educacion.navarra.es\/web1\/wp-json\/wp\/v2\/types\/post"}],"author":[{"embeddable":true,"href":"https:\/\/iespadremoretirubide.educacion.navarra.es\/web1\/wp-json\/wp\/v2\/users\/1"}],"replies":[{"embeddable":true,"href":"https:\/\/iespadremoretirubide.educacion.navarra.es\/web1\/wp-json\/wp\/v2\/comments?post=5827"}],"version-history":[{"count":7,"href":"https:\/\/iespadremoretirubide.educacion.navarra.es\/web1\/wp-json\/wp\/v2\/posts\/5827\/revisions"}],"predecessor-version":[{"id":5841,"href":"https:\/\/iespadremoretirubide.educacion.navarra.es\/web1\/wp-json\/wp\/v2\/posts\/5827\/revisions\/5841"}],"wp:featuredmedia":[{"embeddable":true,"href":"https:\/\/iespadremoretirubide.educacion.navarra.es\/web1\/wp-json\/wp\/v2\/media\/5828"}],"wp:attachment":[{"href":"https:\/\/iespadremoretirubide.educacion.navarra.es\/web1\/wp-json\/wp\/v2\/media?parent=5827"}],"wp:term":[{"taxonomy":"category","embeddable":true,"href":"https:\/\/iespadremoretirubide.educacion.navarra.es\/web1\/wp-json\/wp\/v2\/categories?post=5827"},{"taxonomy":"post_tag","embeddable":true,"href":"https:\/\/iespadremoretirubide.educacion.navarra.es\/web1\/wp-json\/wp\/v2\/tags?post=5827"}],"curies":[{"name":"wp","href":"https:\/\/api.w.org\/{rel}","templated":true}]}}