{"id":5842,"date":"2025-11-25T10:59:05","date_gmt":"2025-11-25T09:59:05","guid":{"rendered":"https:\/\/iespadremoretirubide.educacion.navarra.es\/web1\/?p=5842"},"modified":"2025-11-25T11:16:40","modified_gmt":"2025-11-25T10:16:40","slug":"presentacion-del-libro-por-navarra-alumnado-de-1o-bachillerato","status":"publish","type":"post","link":"https:\/\/iespadremoretirubide.educacion.navarra.es\/web1\/blog\/2025\/11\/25\/presentacion-del-libro-por-navarra-alumnado-de-1o-bachillerato\/","title":{"rendered":"Presentaci\u00f3n del libro \u00abPor Navarra\u00bb, alumnado de 1\u00ba Bachillerato"},"content":{"rendered":"\n<p>El alumnado de Geograf\u00eda e Historia de Navarra ha asistido a la charla-presentaci\u00f3n del libro <em>Por Navarra. Caminando por las huellas de nuestra historia<\/em> de \u00c1lvaro D\u00edaz Santesteban, editado por Eunate Ediciones.<\/p>\n\n\n\n<p>El alumnado ha tenido la oportunidad de acercarse a las diez originales rutas que componen el libro, y que pasan por valles como los del Arakil y el Arag\u00f3n, la cima de Urkulu y la cueva de Arpea, por Hondarribia y Tudela o las bell\u00edsimas poblaciones de Azpilkueta y Gallipienzo, los castillos de Monreal, Aixita, Monjard\u00edn y Amaiur, el pueblo arrasado de Rada o templos enigm\u00e1ticos como el de Eunate. Adem\u00e1s, nos hemos podido acercar a las \u00e9pocas de dominaci\u00f3n vascona, romana y musulmana. A los siglos del Reino de Pamplona\/Navarra, a las guerras del XIX e incluso a alg\u00fan momento del XX.<\/p>\n\n\n\n<p>El alumnado ha podido conocer personajes hist\u00f3ricos y descubrir lugares m\u00e1gicos de los que desconoc\u00eda su existencia, y que est\u00e1n a escasos kil\u00f3metros de La Txantrea.<\/p>\n\n\n\n<p>Se puede realizar la compra del ejemplar directamente en la Editorial, m\u00e1s informaci\u00f3n y compras en la direcci\u00f3n : <a href=\"https:\/\/www.eunateediciones.com\/libro\/por-navarra_161771\/\">https:\/\/www.eunateediciones.com\/libro\/por-navarra_161771\/<\/a><\/p>\n\n\n\n<figure class=\"wp-block-gallery has-nested-images columns-default is-cropped wp-block-gallery-1 is-layout-flex wp-block-gallery-is-layout-flex\">\n<figure class=\"wp-block-image size-large\"><img fetchpriority=\"high\" decoding=\"async\" width=\"1024\" height=\"768\" data-id=\"5843\" src=\"https:\/\/iespadremoretirubide.educacion.navarra.es\/web1\/wp-content\/uploads\/2025\/11\/06c00441-dc6f-4c1c-9096-f5b0b3b3a696-1024x768.jpg\" alt=\"\" class=\"wp-image-5843\" srcset=\"https:\/\/iespadremoretirubide.educacion.navarra.es\/web1\/wp-content\/uploads\/2025\/11\/06c00441-dc6f-4c1c-9096-f5b0b3b3a696-1024x768.jpg 1024w, https:\/\/iespadremoretirubide.educacion.navarra.es\/web1\/wp-content\/uploads\/2025\/11\/06c00441-dc6f-4c1c-9096-f5b0b3b3a696-300x225.jpg 300w, https:\/\/iespadremoretirubide.educacion.navarra.es\/web1\/wp-content\/uploads\/2025\/11\/06c00441-dc6f-4c1c-9096-f5b0b3b3a696-768x576.jpg 768w, https:\/\/iespadremoretirubide.educacion.navarra.es\/web1\/wp-content\/uploads\/2025\/11\/06c00441-dc6f-4c1c-9096-f5b0b3b3a696-1536x1152.jpg 1536w, https:\/\/iespadremoretirubide.educacion.navarra.es\/web1\/wp-content\/uploads\/2025\/11\/06c00441-dc6f-4c1c-9096-f5b0b3b3a696-702x526.jpg 702w, https:\/\/iespadremoretirubide.educacion.navarra.es\/web1\/wp-content\/uploads\/2025\/11\/06c00441-dc6f-4c1c-9096-f5b0b3b3a696.jpg 2048w\" sizes=\"(max-width: 1024px) 100vw, 1024px\" \/><\/figure>\n\n\n\n<figure class=\"wp-block-image size-large\"><img decoding=\"async\" width=\"768\" height=\"1024\" data-id=\"5844\" src=\"https:\/\/iespadremoretirubide.educacion.navarra.es\/web1\/wp-content\/uploads\/2025\/11\/50cb7136-abfa-4629-bc8c-f901e91358ea-768x1024.jpg\" alt=\"\" class=\"wp-image-5844\" srcset=\"https:\/\/iespadremoretirubide.educacion.navarra.es\/web1\/wp-content\/uploads\/2025\/11\/50cb7136-abfa-4629-bc8c-f901e91358ea-768x1024.jpg 768w, https:\/\/iespadremoretirubide.educacion.navarra.es\/web1\/wp-content\/uploads\/2025\/11\/50cb7136-abfa-4629-bc8c-f901e91358ea-225x300.jpg 225w, https:\/\/iespadremoretirubide.educacion.navarra.es\/web1\/wp-content\/uploads\/2025\/11\/50cb7136-abfa-4629-bc8c-f901e91358ea-1152x1536.jpg 1152w, https:\/\/iespadremoretirubide.educacion.navarra.es\/web1\/wp-content\/uploads\/2025\/11\/50cb7136-abfa-4629-bc8c-f901e91358ea.jpg 1536w\" sizes=\"(max-width: 768px) 100vw, 768px\" \/><\/figure>\n\n\n\n<figure class=\"wp-block-image size-large\"><img decoding=\"async\" width=\"1024\" height=\"768\" data-id=\"5846\" src=\"https:\/\/iespadremoretirubide.educacion.navarra.es\/web1\/wp-content\/uploads\/2025\/11\/976cace2-84b3-42e9-983c-69b148968649-1024x768.jpg\" alt=\"\" class=\"wp-image-5846\" srcset=\"https:\/\/iespadremoretirubide.educacion.navarra.es\/web1\/wp-content\/uploads\/2025\/11\/976cace2-84b3-42e9-983c-69b148968649-1024x768.jpg 1024w, https:\/\/iespadremoretirubide.educacion.navarra.es\/web1\/wp-content\/uploads\/2025\/11\/976cace2-84b3-42e9-983c-69b148968649-300x225.jpg 300w, https:\/\/iespadremoretirubide.educacion.navarra.es\/web1\/wp-content\/uploads\/2025\/11\/976cace2-84b3-42e9-983c-69b148968649-768x576.jpg 768w, https:\/\/iespadremoretirubide.educacion.navarra.es\/web1\/wp-content\/uploads\/2025\/11\/976cace2-84b3-42e9-983c-69b148968649-1536x1152.jpg 1536w, https:\/\/iespadremoretirubide.educacion.navarra.es\/web1\/wp-content\/uploads\/2025\/11\/976cace2-84b3-42e9-983c-69b148968649-702x526.jpg 702w, https:\/\/iespadremoretirubide.educacion.navarra.es\/web1\/wp-content\/uploads\/2025\/11\/976cace2-84b3-42e9-983c-69b148968649.jpg 2048w\" sizes=\"(max-width: 1024px) 100vw, 1024px\" \/><\/figure>\n\n\n\n<figure class=\"wp-block-image size-large\"><img loading=\"lazy\" decoding=\"async\" width=\"1024\" height=\"768\" data-id=\"5847\" src=\"https:\/\/iespadremoretirubide.educacion.navarra.es\/web1\/wp-content\/uploads\/2025\/11\/50881a1b-7364-4e0e-a403-56428fb03dd0-1024x768.jpg\" alt=\"\" class=\"wp-image-5847\" srcset=\"https:\/\/iespadremoretirubide.educacion.navarra.es\/web1\/wp-content\/uploads\/2025\/11\/50881a1b-7364-4e0e-a403-56428fb03dd0-1024x768.jpg 1024w, https:\/\/iespadremoretirubide.educacion.navarra.es\/web1\/wp-content\/uploads\/2025\/11\/50881a1b-7364-4e0e-a403-56428fb03dd0-300x225.jpg 300w, https:\/\/iespadremoretirubide.educacion.navarra.es\/web1\/wp-content\/uploads\/2025\/11\/50881a1b-7364-4e0e-a403-56428fb03dd0-768x576.jpg 768w, https:\/\/iespadremoretirubide.educacion.navarra.es\/web1\/wp-content\/uploads\/2025\/11\/50881a1b-7364-4e0e-a403-56428fb03dd0-1536x1152.jpg 1536w, https:\/\/iespadremoretirubide.educacion.navarra.es\/web1\/wp-content\/uploads\/2025\/11\/50881a1b-7364-4e0e-a403-56428fb03dd0-702x526.jpg 702w, https:\/\/iespadremoretirubide.educacion.navarra.es\/web1\/wp-content\/uploads\/2025\/11\/50881a1b-7364-4e0e-a403-56428fb03dd0.jpg 2048w\" sizes=\"(max-width: 1024px) 100vw, 1024px\" \/><\/figure>\n\n\n\n<figure class=\"wp-block-image size-large\"><img loading=\"lazy\" decoding=\"async\" width=\"768\" height=\"1024\" data-id=\"5845\" src=\"https:\/\/iespadremoretirubide.educacion.navarra.es\/web1\/wp-content\/uploads\/2025\/11\/c17295b9-f6dd-428d-a8c6-ebb465c288ad-768x1024.jpg\" alt=\"\" class=\"wp-image-5845\" srcset=\"https:\/\/iespadremoretirubide.educacion.navarra.es\/web1\/wp-content\/uploads\/2025\/11\/c17295b9-f6dd-428d-a8c6-ebb465c288ad-768x1024.jpg 768w, https:\/\/iespadremoretirubide.educacion.navarra.es\/web1\/wp-content\/uploads\/2025\/11\/c17295b9-f6dd-428d-a8c6-ebb465c288ad-225x300.jpg 225w, https:\/\/iespadremoretirubide.educacion.navarra.es\/web1\/wp-content\/uploads\/2025\/11\/c17295b9-f6dd-428d-a8c6-ebb465c288ad-1152x1536.jpg 1152w, https:\/\/iespadremoretirubide.educacion.navarra.es\/web1\/wp-content\/uploads\/2025\/11\/c17295b9-f6dd-428d-a8c6-ebb465c288ad.jpg 1536w\" sizes=\"(max-width: 768px) 100vw, 768px\" \/><\/figure>\n<\/figure>\n","protected":false},"excerpt":{"rendered":"<p>El alumnado de Geograf\u00eda e Historia de Navarra ha asistido a la charla-presentaci\u00f3n del libro Por Navarra. Caminando por las huellas de nuestra historia de \u00c1lvaro D\u00edaz Santesteban, editado por Eunate Ediciones. El alumnado ha tenido la oportunidad de acercarse a las diez originales rutas que componen el libro, y que pasan por valles como [&hellip;]<\/p>\n","protected":false},"author":1,"featured_media":5845,"comment_status":"closed","ping_status":"closed","sticky":false,"template":"","format":"standard","meta":{"_genesis_hide_title":false,"_genesis_hide_breadcrumbs":false,"_genesis_hide_singular_image":false,"_genesis_hide_footer_widgets":false,"_genesis_custom_body_class":"","_genesis_custom_post_class":"","_genesis_layout":"","footnotes":""},"categories":[1],"tags":[],"_links":{"self":[{"href":"https:\/\/iespadremoretirubide.educacion.navarra.es\/web1\/wp-json\/wp\/v2\/posts\/5842"}],"collection":[{"href":"https:\/\/iespadremoretirubide.educacion.navarra.es\/web1\/wp-json\/wp\/v2\/posts"}],"about":[{"href":"https:\/\/iespadremoretirubide.educacion.navarra.es\/web1\/wp-json\/wp\/v2\/types\/post"}],"author":[{"embeddable":true,"href":"https:\/\/iespadremoretirubide.educacion.navarra.es\/web1\/wp-json\/wp\/v2\/users\/1"}],"replies":[{"embeddable":true,"href":"https:\/\/iespadremoretirubide.educacion.navarra.es\/web1\/wp-json\/wp\/v2\/comments?post=5842"}],"version-history":[{"count":4,"href":"https:\/\/iespadremoretirubide.educacion.navarra.es\/web1\/wp-json\/wp\/v2\/posts\/5842\/revisions"}],"predecessor-version":[{"id":5853,"href":"https:\/\/iespadremoretirubide.educacion.navarra.es\/web1\/wp-json\/wp\/v2\/posts\/5842\/revisions\/5853"}],"wp:featuredmedia":[{"embeddable":true,"href":"https:\/\/iespadremoretirubide.educacion.navarra.es\/web1\/wp-json\/wp\/v2\/media\/5845"}],"wp:attachment":[{"href":"https:\/\/iespadremoretirubide.educacion.navarra.es\/web1\/wp-json\/wp\/v2\/media?parent=5842"}],"wp:term":[{"taxonomy":"category","embeddable":true,"href":"https:\/\/iespadremoretirubide.educacion.navarra.es\/web1\/wp-json\/wp\/v2\/categories?post=5842"},{"taxonomy":"post_tag","embeddable":true,"href":"https:\/\/iespadremoretirubide.educacion.navarra.es\/web1\/wp-json\/wp\/v2\/tags?post=5842"}],"curies":[{"name":"wp","href":"https:\/\/api.w.org\/{rel}","templated":true}]}}