{"id":5936,"date":"2026-02-05T13:47:52","date_gmt":"2026-02-05T12:47:52","guid":{"rendered":"https:\/\/iespadremoretirubide.educacion.navarra.es\/web1\/?p=5936"},"modified":"2026-02-05T13:52:16","modified_gmt":"2026-02-05T12:52:16","slug":"ciberliga-gran-participacion-de-4o-eso","status":"publish","type":"post","link":"https:\/\/iespadremoretirubide.educacion.navarra.es\/web1\/blog\/2026\/02\/05\/ciberliga-gran-participacion-de-4o-eso\/","title":{"rendered":"Ciberliga: gran participaci\u00f3n de 4\u00ba ESO"},"content":{"rendered":"\n<p>El IES Irubide ha sido escenario esta semana de la VII Ciberliga Nacional organizada por la Guardia Civil, con el objetivo de formar, de manera pr\u00e1ctica al alumnado nativo digital que se encuentra especialmente en riesgo en el ciberespacio. <\/p>\n\n\n\n<p>El programa combina formaci\u00f3n, concienciaci\u00f3n y pr\u00e1ctica, mediante una sesi\u00f3n formativa de tres horas que incluye una conferencia sobre el uso seguro y responsable de Internet y las redes sociales, adem\u00e1s de una explicaci\u00f3n de herramientas b\u00e1sicas de autoprotecci\u00f3n digital, una competici\u00f3n por equipos, con retos pr\u00e1cticos de ciberseguridad en los que el alumnado resuelve situaciones reales, como el an\u00e1lisis de metadatos, la detecci\u00f3n de perfiles falsos o la localizaci\u00f3n de informaci\u00f3n en fuentes abiertas.<\/p>\n\n\n\n<figure class=\"wp-block-image size-large\"><img fetchpriority=\"high\" decoding=\"async\" width=\"1024\" height=\"768\" src=\"https:\/\/iespadremoretirubide.educacion.navarra.es\/web1\/wp-content\/uploads\/2026\/02\/8283cddd-bb72-4119-a6d3-af02f3b44c72-1024x768.jpg\" alt=\"\" class=\"wp-image-5937\" srcset=\"https:\/\/iespadremoretirubide.educacion.navarra.es\/web1\/wp-content\/uploads\/2026\/02\/8283cddd-bb72-4119-a6d3-af02f3b44c72-1024x768.jpg 1024w, https:\/\/iespadremoretirubide.educacion.navarra.es\/web1\/wp-content\/uploads\/2026\/02\/8283cddd-bb72-4119-a6d3-af02f3b44c72-300x225.jpg 300w, https:\/\/iespadremoretirubide.educacion.navarra.es\/web1\/wp-content\/uploads\/2026\/02\/8283cddd-bb72-4119-a6d3-af02f3b44c72-768x576.jpg 768w, https:\/\/iespadremoretirubide.educacion.navarra.es\/web1\/wp-content\/uploads\/2026\/02\/8283cddd-bb72-4119-a6d3-af02f3b44c72-1536x1152.jpg 1536w, https:\/\/iespadremoretirubide.educacion.navarra.es\/web1\/wp-content\/uploads\/2026\/02\/8283cddd-bb72-4119-a6d3-af02f3b44c72-702x526.jpg 702w, https:\/\/iespadremoretirubide.educacion.navarra.es\/web1\/wp-content\/uploads\/2026\/02\/8283cddd-bb72-4119-a6d3-af02f3b44c72.jpg 2000w\" sizes=\"(max-width: 1024px) 100vw, 1024px\" \/><\/figure>\n\n\n\n<p>En esta ocasi\u00f3n, la fase regional de la Ciberliga en su modalidad preamateur han participado 1500 escolares de 15 centros educativos. La puntuaci\u00f3n m\u00e1xima, 800 puntos, la han conseguido tres equipos de Irubide, que realizaron la prueba en 28 minutos y 13 segundos. El primer equipo clasificado se compuso de alumnado de 4\u00ba E, Aitor S\u00e1nchez, David Radosz, Xabier Apestegu\u00eda y Miguel Go\u00f1i. Unai S\u00e1nchez y Samuel Sobrevilla obtuvieron el 2\u00ba mejor tiempo con 30 minutos y 43 segundos y un grupo de chicas, Naiara Urroz, Maite V\u00e1zquez, Ane Lacosta y Adaya Ram\u00edrez obtuvo la 3\u00aa posici\u00f3n con la resoluci\u00f3n de los retos en 31 minutos.<\/p>\n\n\n\n<p><strong>\u00a1Enhorabuena a todos\/as la\/os participantes!<\/strong><\/p>\n","protected":false},"excerpt":{"rendered":"<p>El IES Irubide ha sido escenario esta semana de la VII Ciberliga Nacional organizada por la Guardia Civil, con el objetivo de formar, de manera pr\u00e1ctica al alumnado nativo digital que se encuentra especialmente en riesgo en el ciberespacio. El programa combina formaci\u00f3n, concienciaci\u00f3n y pr\u00e1ctica, mediante una sesi\u00f3n formativa de tres horas que incluye [&hellip;]<\/p>\n","protected":false},"author":1,"featured_media":5937,"comment_status":"closed","ping_status":"closed","sticky":false,"template":"","format":"standard","meta":{"_genesis_hide_title":false,"_genesis_hide_breadcrumbs":false,"_genesis_hide_singular_image":false,"_genesis_hide_footer_widgets":false,"_genesis_custom_body_class":"","_genesis_custom_post_class":"","_genesis_layout":"","footnotes":""},"categories":[1],"tags":[],"_links":{"self":[{"href":"https:\/\/iespadremoretirubide.educacion.navarra.es\/web1\/wp-json\/wp\/v2\/posts\/5936"}],"collection":[{"href":"https:\/\/iespadremoretirubide.educacion.navarra.es\/web1\/wp-json\/wp\/v2\/posts"}],"about":[{"href":"https:\/\/iespadremoretirubide.educacion.navarra.es\/web1\/wp-json\/wp\/v2\/types\/post"}],"author":[{"embeddable":true,"href":"https:\/\/iespadremoretirubide.educacion.navarra.es\/web1\/wp-json\/wp\/v2\/users\/1"}],"replies":[{"embeddable":true,"href":"https:\/\/iespadremoretirubide.educacion.navarra.es\/web1\/wp-json\/wp\/v2\/comments?post=5936"}],"version-history":[{"count":4,"href":"https:\/\/iespadremoretirubide.educacion.navarra.es\/web1\/wp-json\/wp\/v2\/posts\/5936\/revisions"}],"predecessor-version":[{"id":5941,"href":"https:\/\/iespadremoretirubide.educacion.navarra.es\/web1\/wp-json\/wp\/v2\/posts\/5936\/revisions\/5941"}],"wp:featuredmedia":[{"embeddable":true,"href":"https:\/\/iespadremoretirubide.educacion.navarra.es\/web1\/wp-json\/wp\/v2\/media\/5937"}],"wp:attachment":[{"href":"https:\/\/iespadremoretirubide.educacion.navarra.es\/web1\/wp-json\/wp\/v2\/media?parent=5936"}],"wp:term":[{"taxonomy":"category","embeddable":true,"href":"https:\/\/iespadremoretirubide.educacion.navarra.es\/web1\/wp-json\/wp\/v2\/categories?post=5936"},{"taxonomy":"post_tag","embeddable":true,"href":"https:\/\/iespadremoretirubide.educacion.navarra.es\/web1\/wp-json\/wp\/v2\/tags?post=5936"}],"curies":[{"name":"wp","href":"https:\/\/api.w.org\/{rel}","templated":true}]}}