{"id":5955,"date":"2026-02-12T10:18:53","date_gmt":"2026-02-12T09:18:53","guid":{"rendered":"https:\/\/iespadremoretirubide.educacion.navarra.es\/web1\/?p=5955"},"modified":"2026-02-12T10:18:54","modified_gmt":"2026-02-12T09:18:54","slug":"certamen-internacional-colorprowithme-2025-fotografia-premiada-de-profesor-visitante-erasmus","status":"publish","type":"post","link":"https:\/\/iespadremoretirubide.educacion.navarra.es\/web1\/blog\/2026\/02\/12\/certamen-internacional-colorprowithme-2025-fotografia-premiada-de-profesor-visitante-erasmus\/","title":{"rendered":"Certamen internacional #ColorProWithMe 2025, fotograf\u00eda premiada de profesor visitante Erasmus"},"content":{"rendered":"\n<p>Durante la reciente estancia en Pamplona de nuestro profesor visitante Mehmed Bedir, del centro \u00c7etin \u015een Bilim ve Sanat Merkezi (Kayseri, Turqu\u00eda), en el marco del programa Erasmus+, se llev\u00f3 a cabo una intensa agenda de actividades acad\u00e9micas y culturales. Entre ellas, tuvo ocasi\u00f3n de visitar la Catedral de Santa Mar\u00eda la Real de Pamplona, donde realiz\u00f3 una fotograf\u00eda del interior del templo que ha sido recientemente reconocida en el certamen internacional <strong>#ColorProWithMe 2025<\/strong>.<\/p>\n\n\n\n<figure class=\"wp-block-image size-large\"><img fetchpriority=\"high\" decoding=\"async\" width=\"695\" height=\"1024\" src=\"https:\/\/iespadremoretirubide.educacion.navarra.es\/web1\/wp-content\/uploads\/2026\/02\/112a48c8-195b-44c0-a027-85f064becf8b-695x1024.jpg\" alt=\"\" class=\"wp-image-5956\" srcset=\"https:\/\/iespadremoretirubide.educacion.navarra.es\/web1\/wp-content\/uploads\/2026\/02\/112a48c8-195b-44c0-a027-85f064becf8b-695x1024.jpg 695w, https:\/\/iespadremoretirubide.educacion.navarra.es\/web1\/wp-content\/uploads\/2026\/02\/112a48c8-195b-44c0-a027-85f064becf8b-204x300.jpg 204w, https:\/\/iespadremoretirubide.educacion.navarra.es\/web1\/wp-content\/uploads\/2026\/02\/112a48c8-195b-44c0-a027-85f064becf8b-768x1132.jpg 768w, https:\/\/iespadremoretirubide.educacion.navarra.es\/web1\/wp-content\/uploads\/2026\/02\/112a48c8-195b-44c0-a027-85f064becf8b-1042x1536.jpg 1042w, https:\/\/iespadremoretirubide.educacion.navarra.es\/web1\/wp-content\/uploads\/2026\/02\/112a48c8-195b-44c0-a027-85f064becf8b.jpg 1179w\" sizes=\"(max-width: 695px) 100vw, 695px\" \/><\/figure>\n\n\n\n<p>La imagen, que muestra una perspectiva vertical de la nave lateral de la catedral, destaca por el tratamiento de la luz, el equilibrio compositivo y la riqueza crom\u00e1tica del conjunto arquitect\u00f3nico. En ella se aprecian los contrastes entre la penumbra del espacio g\u00f3tico, la intensidad azul de la vidriera y los dorados del retablo barroco, elementos que exigen un especial cuidado t\u00e9cnico tanto en la toma como en la edici\u00f3n posterior.<\/p>\n\n\n\n<p>El reconocimiento se enmarca dentro de la iniciativa promovida por <strong>ViewSonic ColorPro<\/strong>, una l\u00ednea de monitores profesionales orientados a fot\u00f3grafos, dise\u00f1adores y creadores audiovisuales que requieren una alta fidelidad crom\u00e1tica. Estos dispositivos est\u00e1n especialmente dise\u00f1ados para garantizar precisi\u00f3n en la reproducci\u00f3n del color, amplio rango din\u00e1mico y uniformidad en el tratamiento de luces y sombras, aspectos fundamentales en im\u00e1genes con contrastes complejos como la del interior catedralicio.<\/p>\n\n\n\n<p>La fotograf\u00eda ha sido seleccionada como <em>Artwork Spotlight<\/em> en la edici\u00f3n 2025 del certamen, lo que supone un reconocimiento al trabajo art\u00edstico y t\u00e9cnico realizado durante su estancia en nuestra ciudad.<\/p>\n\n\n\n<p>Nos alegra que la visita a Pamplona y el intercambio cultural propiciado por el programa Erasmus+ sigan dando frutos tambi\u00e9n en el \u00e1mbito art\u00edstico y creativo, contribuyendo a proyectar internacionalmente el patrimonio cultural de nuestra comunidad. <\/p>\n\n\n<div class=\"wp-block-image\">\n<figure class=\"alignright size-full\"><img decoding=\"async\" width=\"320\" height=\"67\" src=\"https:\/\/iespadremoretirubide.educacion.navarra.es\/web1\/wp-content\/uploads\/2024\/03\/es_cofinanciado_por_la_union_europea_pos.png\" alt=\"\" class=\"wp-image-4401\" srcset=\"https:\/\/iespadremoretirubide.educacion.navarra.es\/web1\/wp-content\/uploads\/2024\/03\/es_cofinanciado_por_la_union_europea_pos.png 320w, https:\/\/iespadremoretirubide.educacion.navarra.es\/web1\/wp-content\/uploads\/2024\/03\/es_cofinanciado_por_la_union_europea_pos-300x63.png 300w\" sizes=\"(max-width: 320px) 100vw, 320px\" \/><\/figure><\/div>","protected":false},"excerpt":{"rendered":"<p>Durante la reciente estancia en Pamplona de nuestro profesor visitante Mehmed Bedir, del centro \u00c7etin \u015een Bilim ve Sanat Merkezi (Kayseri, Turqu\u00eda), en el marco del programa Erasmus+, se llev\u00f3 a cabo una intensa agenda de actividades acad\u00e9micas y culturales. Entre ellas, tuvo ocasi\u00f3n de visitar la Catedral de Santa Mar\u00eda la Real de Pamplona, [&hellip;]<\/p>\n","protected":false},"author":1,"featured_media":5956,"comment_status":"closed","ping_status":"closed","sticky":false,"template":"","format":"standard","meta":{"_genesis_hide_title":false,"_genesis_hide_breadcrumbs":false,"_genesis_hide_singular_image":false,"_genesis_hide_footer_widgets":false,"_genesis_custom_body_class":"","_genesis_custom_post_class":"","_genesis_layout":"","footnotes":""},"categories":[1],"tags":[],"_links":{"self":[{"href":"https:\/\/iespadremoretirubide.educacion.navarra.es\/web1\/wp-json\/wp\/v2\/posts\/5955"}],"collection":[{"href":"https:\/\/iespadremoretirubide.educacion.navarra.es\/web1\/wp-json\/wp\/v2\/posts"}],"about":[{"href":"https:\/\/iespadremoretirubide.educacion.navarra.es\/web1\/wp-json\/wp\/v2\/types\/post"}],"author":[{"embeddable":true,"href":"https:\/\/iespadremoretirubide.educacion.navarra.es\/web1\/wp-json\/wp\/v2\/users\/1"}],"replies":[{"embeddable":true,"href":"https:\/\/iespadremoretirubide.educacion.navarra.es\/web1\/wp-json\/wp\/v2\/comments?post=5955"}],"version-history":[{"count":1,"href":"https:\/\/iespadremoretirubide.educacion.navarra.es\/web1\/wp-json\/wp\/v2\/posts\/5955\/revisions"}],"predecessor-version":[{"id":5957,"href":"https:\/\/iespadremoretirubide.educacion.navarra.es\/web1\/wp-json\/wp\/v2\/posts\/5955\/revisions\/5957"}],"wp:featuredmedia":[{"embeddable":true,"href":"https:\/\/iespadremoretirubide.educacion.navarra.es\/web1\/wp-json\/wp\/v2\/media\/5956"}],"wp:attachment":[{"href":"https:\/\/iespadremoretirubide.educacion.navarra.es\/web1\/wp-json\/wp\/v2\/media?parent=5955"}],"wp:term":[{"taxonomy":"category","embeddable":true,"href":"https:\/\/iespadremoretirubide.educacion.navarra.es\/web1\/wp-json\/wp\/v2\/categories?post=5955"},{"taxonomy":"post_tag","embeddable":true,"href":"https:\/\/iespadremoretirubide.educacion.navarra.es\/web1\/wp-json\/wp\/v2\/tags?post=5955"}],"curies":[{"name":"wp","href":"https:\/\/api.w.org\/{rel}","templated":true}]}}