{"id":6003,"date":"2026-03-03T09:00:24","date_gmt":"2026-03-03T08:00:24","guid":{"rendered":"https:\/\/iespadremoretirubide.educacion.navarra.es\/web1\/?p=6003"},"modified":"2026-03-10T12:05:46","modified_gmt":"2026-03-10T11:05:46","slug":"comienza-el-concurso-de-aulas-sostenibles","status":"publish","type":"post","link":"https:\/\/iespadremoretirubide.educacion.navarra.es\/web1\/blog\/2026\/03\/03\/comienza-el-concurso-de-aulas-sostenibles\/","title":{"rendered":"Comienza el concurso de aulas sostenibles"},"content":{"rendered":"\n<p>Esta semana arranca en nuestro instituto el esperado Concurso de Aulas Sostenibles, una iniciativa que busca fomentar h\u00e1bitos responsables y reforzar nuestro compromiso con el cuidado del medio ambiente.<\/p>\n\n\n\n<p>Durante los pr\u00f3ximos meses, todas las clases participar\u00e1n en esta actividad, en la que se evaluar\u00e1n distintos aspectos relacionados con la sostenibilidad y el respeto por nuestro entorno escolar.<\/p>\n\n\n\n<p>\u00bfQu\u00e9 se tendr\u00e1 en cuenta?<\/p>\n\n\n\n<p>El jurado observar\u00e1 peri\u00f3dicamente las aulas y valorar\u00e1, entre otros aspectos:<\/p>\n\n\n\n<p>Que las luces y las pantallas permanezcan apagadas cuando no sean necesarias.<\/p>\n\n\n\n<p>\u00a0Que el reciclaje se realice correctamente.<\/p>\n\n\n\n<figure class=\"wp-block-image size-full\"><img fetchpriority=\"high\" decoding=\"async\" width=\"1024\" height=\"768\" src=\"https:\/\/iespadremoretirubide.educacion.navarra.es\/web1\/wp-content\/uploads\/2025\/03\/Imagen-de-WhatsApp-2024-11-22-a-las-17.04.02_09076bf5-2-1024x768-1.jpg\" alt=\"\" class=\"wp-image-5416\" srcset=\"https:\/\/iespadremoretirubide.educacion.navarra.es\/web1\/wp-content\/uploads\/2025\/03\/Imagen-de-WhatsApp-2024-11-22-a-las-17.04.02_09076bf5-2-1024x768-1.jpg 1024w, https:\/\/iespadremoretirubide.educacion.navarra.es\/web1\/wp-content\/uploads\/2025\/03\/Imagen-de-WhatsApp-2024-11-22-a-las-17.04.02_09076bf5-2-1024x768-1-300x225.jpg 300w, https:\/\/iespadremoretirubide.educacion.navarra.es\/web1\/wp-content\/uploads\/2025\/03\/Imagen-de-WhatsApp-2024-11-22-a-las-17.04.02_09076bf5-2-1024x768-1-768x576.jpg 768w, https:\/\/iespadremoretirubide.educacion.navarra.es\/web1\/wp-content\/uploads\/2025\/03\/Imagen-de-WhatsApp-2024-11-22-a-las-17.04.02_09076bf5-2-1024x768-1-702x526.jpg 702w\" sizes=\"(max-width: 1024px) 100vw, 1024px\" \/><\/figure>\n\n\n\n<p>&nbsp;Y, muy importante, que las cajas amarilla y azul se vac\u00eden cada viernes para garantizar una correcta gesti\u00f3n de los residuos.<\/p>\n\n\n\n<p>El concurso tendr\u00e1 una duraci\u00f3n de varios meses, lo que permitir\u00e1 que cada grupo demuestre su constancia y compromiso a lo largo del tiempo.<\/p>\n\n\n\n<p>Al finalizar el concurso, las dos mejores clases del instituto recibir\u00e1n un estupendo premio sorpresa como reconocimiento a su esfuerzo, responsabilidad y trabajo en equipo.<\/p>\n\n\n\n<p>Animamos a todo el alumnado a participar con entusiasmo y a convertir nuestras aulas en espacios cada vez m\u00e1s sostenibles. \u00a1Cuidar el planeta empieza por peque\u00f1os gestos diarios!<\/p>\n\n\n\n<p>\u00a1Mucha suerte a todas las clases!<\/p>\n\n\n\n<figure class=\"wp-block-image size-full\"><img decoding=\"async\" width=\"492\" height=\"704\" src=\"https:\/\/iespadremoretirubide.educacion.navarra.es\/web1\/wp-content\/uploads\/2026\/03\/Captura-de-pantalla-2026-03-03-085953.png\" alt=\"\" class=\"wp-image-6004\" srcset=\"https:\/\/iespadremoretirubide.educacion.navarra.es\/web1\/wp-content\/uploads\/2026\/03\/Captura-de-pantalla-2026-03-03-085953.png 492w, https:\/\/iespadremoretirubide.educacion.navarra.es\/web1\/wp-content\/uploads\/2026\/03\/Captura-de-pantalla-2026-03-03-085953-210x300.png 210w\" sizes=\"(max-width: 492px) 100vw, 492px\" \/><\/figure>\n","protected":false},"excerpt":{"rendered":"<p>Esta semana arranca en nuestro instituto el esperado Concurso de Aulas Sostenibles, una iniciativa que busca fomentar h\u00e1bitos responsables y reforzar nuestro compromiso con el cuidado del medio ambiente. Durante los pr\u00f3ximos meses, todas las clases participar\u00e1n en esta actividad, en la que se evaluar\u00e1n distintos aspectos relacionados con la sostenibilidad y el respeto por [&hellip;]<\/p>\n","protected":false},"author":1,"featured_media":6004,"comment_status":"closed","ping_status":"closed","sticky":false,"template":"","format":"standard","meta":{"_genesis_hide_title":false,"_genesis_hide_breadcrumbs":false,"_genesis_hide_singular_image":false,"_genesis_hide_footer_widgets":false,"_genesis_custom_body_class":"","_genesis_custom_post_class":"","_genesis_layout":"","footnotes":""},"categories":[1],"tags":[],"_links":{"self":[{"href":"https:\/\/iespadremoretirubide.educacion.navarra.es\/web1\/wp-json\/wp\/v2\/posts\/6003"}],"collection":[{"href":"https:\/\/iespadremoretirubide.educacion.navarra.es\/web1\/wp-json\/wp\/v2\/posts"}],"about":[{"href":"https:\/\/iespadremoretirubide.educacion.navarra.es\/web1\/wp-json\/wp\/v2\/types\/post"}],"author":[{"embeddable":true,"href":"https:\/\/iespadremoretirubide.educacion.navarra.es\/web1\/wp-json\/wp\/v2\/users\/1"}],"replies":[{"embeddable":true,"href":"https:\/\/iespadremoretirubide.educacion.navarra.es\/web1\/wp-json\/wp\/v2\/comments?post=6003"}],"version-history":[{"count":2,"href":"https:\/\/iespadremoretirubide.educacion.navarra.es\/web1\/wp-json\/wp\/v2\/posts\/6003\/revisions"}],"predecessor-version":[{"id":6046,"href":"https:\/\/iespadremoretirubide.educacion.navarra.es\/web1\/wp-json\/wp\/v2\/posts\/6003\/revisions\/6046"}],"wp:featuredmedia":[{"embeddable":true,"href":"https:\/\/iespadremoretirubide.educacion.navarra.es\/web1\/wp-json\/wp\/v2\/media\/6004"}],"wp:attachment":[{"href":"https:\/\/iespadremoretirubide.educacion.navarra.es\/web1\/wp-json\/wp\/v2\/media?parent=6003"}],"wp:term":[{"taxonomy":"category","embeddable":true,"href":"https:\/\/iespadremoretirubide.educacion.navarra.es\/web1\/wp-json\/wp\/v2\/categories?post=6003"},{"taxonomy":"post_tag","embeddable":true,"href":"https:\/\/iespadremoretirubide.educacion.navarra.es\/web1\/wp-json\/wp\/v2\/tags?post=6003"}],"curies":[{"name":"wp","href":"https:\/\/api.w.org\/{rel}","templated":true}]}}