{"id":6013,"date":"2026-03-03T10:24:29","date_gmt":"2026-03-03T09:24:29","guid":{"rendered":"https:\/\/iespadremoretirubide.educacion.navarra.es\/web1\/?p=6013"},"modified":"2026-03-03T10:28:39","modified_gmt":"2026-03-03T09:28:39","slug":"6013","status":"publish","type":"post","link":"https:\/\/iespadremoretirubide.educacion.navarra.es\/web1\/blog\/2026\/03\/03\/6013\/","title":{"rendered":"Movilidad Erasmus+ en Palermo: sostenibilidad e inclusi\u00f3n en clave europea"},"content":{"rendered":"\n<p>El alumnado y profesorado del IES Padre Moret Irubide participa durante esta semana en una movilidad Erasmus+ en Palermo, donde est\u00e1 siendo acogido por el centro Ascione School. En este encuentro internacional tambi\u00e9n toman parte centros educativos de Serbia y Croacia, lo que convierte la experiencia en un verdadero espacio de intercambio europeo.<\/p>\n\n\n\n<p>Durante la movilidad, el grupo est\u00e1 desarrollando un programa de actividades centradas en la sostenibilidad, la inclusi\u00f3n y el respeto hacia las diferentes culturas y costumbres. A trav\u00e9s de talleres, din\u00e1micas cooperativas, presentaciones y visitas culturales, el alumnado tiene la oportunidad de reflexionar sobre los retos medioambientales actuales, la importancia de construir sociedades m\u00e1s inclusivas y el valor de la diversidad como elemento enriquecedor.<\/p>\n\n\n\n<figure class=\"wp-block-image size-large\"><img fetchpriority=\"high\" decoding=\"async\" width=\"1024\" height=\"768\" src=\"https:\/\/iespadremoretirubide.educacion.navarra.es\/web1\/wp-content\/uploads\/2026\/03\/158ae8e4-204a-4d91-b377-694e19248de0-1024x768.jpg\" alt=\"\" class=\"wp-image-6014\" srcset=\"https:\/\/iespadremoretirubide.educacion.navarra.es\/web1\/wp-content\/uploads\/2026\/03\/158ae8e4-204a-4d91-b377-694e19248de0-1024x768.jpg 1024w, https:\/\/iespadremoretirubide.educacion.navarra.es\/web1\/wp-content\/uploads\/2026\/03\/158ae8e4-204a-4d91-b377-694e19248de0-300x225.jpg 300w, https:\/\/iespadremoretirubide.educacion.navarra.es\/web1\/wp-content\/uploads\/2026\/03\/158ae8e4-204a-4d91-b377-694e19248de0-768x576.jpg 768w, https:\/\/iespadremoretirubide.educacion.navarra.es\/web1\/wp-content\/uploads\/2026\/03\/158ae8e4-204a-4d91-b377-694e19248de0-1536x1152.jpg 1536w, https:\/\/iespadremoretirubide.educacion.navarra.es\/web1\/wp-content\/uploads\/2026\/03\/158ae8e4-204a-4d91-b377-694e19248de0-702x526.jpg 702w, https:\/\/iespadremoretirubide.educacion.navarra.es\/web1\/wp-content\/uploads\/2026\/03\/158ae8e4-204a-4d91-b377-694e19248de0.jpg 2048w\" sizes=\"(max-width: 1024px) 100vw, 1024px\" \/><\/figure>\n\n\n\n<figure class=\"wp-block-gallery has-nested-images columns-default is-cropped wp-block-gallery-1 is-layout-flex wp-block-gallery-is-layout-flex\">\n<figure class=\"wp-block-image size-large\"><img decoding=\"async\" width=\"1024\" height=\"768\" data-id=\"6016\" src=\"https:\/\/iespadremoretirubide.educacion.navarra.es\/web1\/wp-content\/uploads\/2026\/03\/75904c2e-4f8d-4f3f-8e43-03edfcdd1a3c-1024x768.jpg\" alt=\"\" class=\"wp-image-6016\" srcset=\"https:\/\/iespadremoretirubide.educacion.navarra.es\/web1\/wp-content\/uploads\/2026\/03\/75904c2e-4f8d-4f3f-8e43-03edfcdd1a3c-1024x768.jpg 1024w, https:\/\/iespadremoretirubide.educacion.navarra.es\/web1\/wp-content\/uploads\/2026\/03\/75904c2e-4f8d-4f3f-8e43-03edfcdd1a3c-300x225.jpg 300w, https:\/\/iespadremoretirubide.educacion.navarra.es\/web1\/wp-content\/uploads\/2026\/03\/75904c2e-4f8d-4f3f-8e43-03edfcdd1a3c-768x576.jpg 768w, https:\/\/iespadremoretirubide.educacion.navarra.es\/web1\/wp-content\/uploads\/2026\/03\/75904c2e-4f8d-4f3f-8e43-03edfcdd1a3c-1536x1152.jpg 1536w, https:\/\/iespadremoretirubide.educacion.navarra.es\/web1\/wp-content\/uploads\/2026\/03\/75904c2e-4f8d-4f3f-8e43-03edfcdd1a3c-702x526.jpg 702w, https:\/\/iespadremoretirubide.educacion.navarra.es\/web1\/wp-content\/uploads\/2026\/03\/75904c2e-4f8d-4f3f-8e43-03edfcdd1a3c.jpg 1984w\" sizes=\"(max-width: 1024px) 100vw, 1024px\" \/><\/figure>\n\n\n\n<figure class=\"wp-block-image size-large\"><img decoding=\"async\" width=\"1024\" height=\"768\" data-id=\"6015\" src=\"https:\/\/iespadremoretirubide.educacion.navarra.es\/web1\/wp-content\/uploads\/2026\/03\/84608f86-109d-40a2-9a90-5a2442175752-1024x768.jpg\" alt=\"\" class=\"wp-image-6015\" srcset=\"https:\/\/iespadremoretirubide.educacion.navarra.es\/web1\/wp-content\/uploads\/2026\/03\/84608f86-109d-40a2-9a90-5a2442175752-1024x768.jpg 1024w, https:\/\/iespadremoretirubide.educacion.navarra.es\/web1\/wp-content\/uploads\/2026\/03\/84608f86-109d-40a2-9a90-5a2442175752-300x225.jpg 300w, https:\/\/iespadremoretirubide.educacion.navarra.es\/web1\/wp-content\/uploads\/2026\/03\/84608f86-109d-40a2-9a90-5a2442175752-768x576.jpg 768w, https:\/\/iespadremoretirubide.educacion.navarra.es\/web1\/wp-content\/uploads\/2026\/03\/84608f86-109d-40a2-9a90-5a2442175752-1536x1152.jpg 1536w, https:\/\/iespadremoretirubide.educacion.navarra.es\/web1\/wp-content\/uploads\/2026\/03\/84608f86-109d-40a2-9a90-5a2442175752-702x526.jpg 702w, https:\/\/iespadremoretirubide.educacion.navarra.es\/web1\/wp-content\/uploads\/2026\/03\/84608f86-109d-40a2-9a90-5a2442175752.jpg 1984w\" sizes=\"(max-width: 1024px) 100vw, 1024px\" \/><\/figure>\n<\/figure>\n\n\n\n<p>Adem\u00e1s del trabajo acad\u00e9mico, esta experiencia permite fortalecer la competencia comunicativa en lenguas extranjeras, la autonom\u00eda personal y las habilidades sociales del alumnado, que convive durante varios d\u00edas con j\u00f3venes de otros pa\u00edses europeos. Sin duda, se trata de una vivencia que contribuye a su crecimiento personal y acad\u00e9mico, reforzando el sentimiento de ciudadan\u00eda europea y el compromiso con los valores compartidos de respeto, tolerancia y cooperaci\u00f3n.<\/p>\n\n\n\n<p>Desde el IES Padre Moret Irubide seguimos apostando por la internacionalizaci\u00f3n y por la participaci\u00f3n en proyectos Erasmus+ como una herramienta fundamental para abrir nuestras aulas a Europa y ofrecer a nuestro alumnado oportunidades de aprendizaje m\u00e1s all\u00e1 de nuestras fronteras.<\/p>\n","protected":false},"excerpt":{"rendered":"<p>El alumnado y profesorado del IES Padre Moret Irubide participa durante esta semana en una movilidad Erasmus+ en Palermo, donde est\u00e1 siendo acogido por el centro Ascione School. En este encuentro internacional tambi\u00e9n toman parte centros educativos de Serbia y Croacia, lo que convierte la experiencia en un verdadero espacio de intercambio europeo. Durante la [&hellip;]<\/p>\n","protected":false},"author":1,"featured_media":6014,"comment_status":"closed","ping_status":"closed","sticky":false,"template":"","format":"standard","meta":{"_genesis_hide_title":false,"_genesis_hide_breadcrumbs":false,"_genesis_hide_singular_image":false,"_genesis_hide_footer_widgets":false,"_genesis_custom_body_class":"","_genesis_custom_post_class":"","_genesis_layout":"","footnotes":""},"categories":[1],"tags":[],"_links":{"self":[{"href":"https:\/\/iespadremoretirubide.educacion.navarra.es\/web1\/wp-json\/wp\/v2\/posts\/6013"}],"collection":[{"href":"https:\/\/iespadremoretirubide.educacion.navarra.es\/web1\/wp-json\/wp\/v2\/posts"}],"about":[{"href":"https:\/\/iespadremoretirubide.educacion.navarra.es\/web1\/wp-json\/wp\/v2\/types\/post"}],"author":[{"embeddable":true,"href":"https:\/\/iespadremoretirubide.educacion.navarra.es\/web1\/wp-json\/wp\/v2\/users\/1"}],"replies":[{"embeddable":true,"href":"https:\/\/iespadremoretirubide.educacion.navarra.es\/web1\/wp-json\/wp\/v2\/comments?post=6013"}],"version-history":[{"count":3,"href":"https:\/\/iespadremoretirubide.educacion.navarra.es\/web1\/wp-json\/wp\/v2\/posts\/6013\/revisions"}],"predecessor-version":[{"id":6020,"href":"https:\/\/iespadremoretirubide.educacion.navarra.es\/web1\/wp-json\/wp\/v2\/posts\/6013\/revisions\/6020"}],"wp:featuredmedia":[{"embeddable":true,"href":"https:\/\/iespadremoretirubide.educacion.navarra.es\/web1\/wp-json\/wp\/v2\/media\/6014"}],"wp:attachment":[{"href":"https:\/\/iespadremoretirubide.educacion.navarra.es\/web1\/wp-json\/wp\/v2\/media?parent=6013"}],"wp:term":[{"taxonomy":"category","embeddable":true,"href":"https:\/\/iespadremoretirubide.educacion.navarra.es\/web1\/wp-json\/wp\/v2\/categories?post=6013"},{"taxonomy":"post_tag","embeddable":true,"href":"https:\/\/iespadremoretirubide.educacion.navarra.es\/web1\/wp-json\/wp\/v2\/tags?post=6013"}],"curies":[{"name":"wp","href":"https:\/\/api.w.org\/{rel}","templated":true}]}}